{"id":4420,"date":"2021-09-06T15:00:00","date_gmt":"2021-09-06T13:00:00","guid":{"rendered":"https:\/\/bstab.com\/?p=4420"},"modified":"2024-02-26T15:41:25","modified_gmt":"2024-02-26T14:41:25","slug":"brand-riskanalys-blir-en-del-av-bst-group","status":"publish","type":"post","link":"https:\/\/bstgroupab.com\/sv\/brand-riskanalys-blir-en-del-av-bst-group\/","title":{"rendered":"Brand &#038; Riskanalys blir en del av BST Group"},"content":{"rendered":"\n<p><a href=\"https:\/\/www.allabolag.se\/5565103818\/brand-riskanalys-aspegren-widlind-ab\">Brand &amp; Riskanalys &#8211; Aspegren Widlind AB<\/a>&nbsp;\u00e4r ett renodlat brandkonsultf\u00f6retag med mycket god f\u00f6rankring i framf\u00f6r allt syd\u00f6stra Sverige. Bolaget, som varit verksamt sedan 1995, erbjuder tj\u00e4nster inom bland annat byggnadstekniskt brand\u00adskydd, riskhantering, analytisk dimensionering och systematiskt brandskyddsarbete. Idag \u00e4r man 20 medarbetare f\u00f6rdelade p\u00e5 kontor i Kalmar, V\u00e4xj\u00f6 och Karlskrona. Brand &amp; Riskanalys kommer, likt BST Groups \u00f6vriga konsultbolag, \u00e4ven forts\u00e4ttningsvis arbeta sj\u00e4lvst\u00e4ndigt under eget varum\u00e4rke och i befintlig organisation.<\/p>\n\n\n\n<p>\u2013 Brand &amp; Riskanalys passar bra in i v\u00e5r fortsatta strategi att f\u00f6rst\u00e4rka konsultverksamheterna och bidrar med mycket god lokal f\u00f6rankring, samtidigt som BST Group f\u00f6rst\u00e4rks med flera v\u00e4letablerade brandingenj\u00f6rer. Vi \u00e4r \u00f6vertygade om att det \u00e4r viktigt att bolaget beh\u00e5ller sitt arbetss\u00e4tt och ges m\u00f6jlighet att forts\u00e4tta utveckla sin verksamhet p\u00e5 samma framg\u00e5ngsrika s\u00e4tt som tidigare, s\u00e4ger Peter B\u00fchler.<\/p>\n\n\n\n<p><\/p>\n\n\n\n<p><a href=\"https:\/\/brandrisk.se\/\">L\u00e4s mer om Brand &amp; Riskanalys h\u00e4r<\/a><\/p>\n\n\n\n<p><\/p>\n\n\n\n<p><br \/><strong>F\u00f6r mer information kontakta:<\/strong><\/p>\n\n\n\n<p>Peter B\u00fchler<br \/>Vd BST Group<br \/><a href=\"mailto:peter.buhler@bstgroupab.com\">peter.buhler@bstgroupab.com<\/a><br \/><a href=\"tel:0046760010151\">0760-01 01 51<\/a><\/p>\n\n\n\n<p>Ingemar Aspegren<br \/>Vd Brand &amp; Riskanalys<br \/><a href=\"mailto:ingemar@brandrisk.se\">ingemar@brandrisk.se<\/a><br \/><a href=\"tel:%20070-542%2070%2045\">0<\/a><a href=\"http:\/\/0046705427045\">705-42 70 45<\/a><\/p>\n\n<!-- \/wp:post-content -->","protected":false},"excerpt":{"rendered":"<p>Brand &amp; Riskanalys &#8211; Aspegren Widlind AB&nbsp;\u00e4r ett renodlat brandkonsultf\u00f6retag med mycket god f\u00f6rankring i framf\u00f6r allt syd\u00f6stra Sverige. Bolaget, som varit verksamt sedan 1995, erbjuder tj\u00e4nster inom bland annat byggnadstekniskt brand\u00adskydd, riskhantering, analytisk dimensionering och systematiskt brandskyddsarbete. Idag \u00e4r man 20 medarbetare f\u00f6rdelade p\u00e5 kontor i Kalmar, V\u00e4xj\u00f6 och Karlskrona. Brand &amp; Riskanalys kommer, [&hellip;]<\/p>\n","protected":false},"author":1,"featured_media":7641,"comment_status":"closed","ping_status":"closed","sticky":false,"template":"","format":"standard","meta":{"footnotes":""},"categories":[93],"tags":[],"class_list":["post-4420","post","type-post","status-publish","format-standard","has-post-thumbnail","hentry","category-forvarv"],"yoast_head":"<!-- This site is optimized with the Yoast SEO plugin v27.5 - https:\/\/yoast.com\/product\/yoast-seo-wordpress\/ -->\n<title>Brand &amp; Riskanalys blir en del av BST Group - BST Group<\/title>\n<meta name=\"description\" content=\"Brand &amp; Riskanalys \u00e4r ett brandkonsultf\u00f6retag med kontor i Kalmar, Karlskrona och V\u00e4xj\u00f6 som nu blivit en del av BST Group.\" \/>\n<meta name=\"robots\" content=\"index, follow, max-snippet:-1, max-image-preview:large, max-video-preview:-1\" \/>\n<link rel=\"canonical\" href=\"https:\/\/bstgroupab.com\/sv\/brand-riskanalys-blir-en-del-av-bst-group\/\" \/>\n<meta property=\"og:locale\" content=\"sv_SE\" \/>\n<meta property=\"og:type\" content=\"article\" \/>\n<meta property=\"og:title\" content=\"Brand &amp; Riskanalys blir en del av BST Group - BST Group\" \/>\n<meta property=\"og:description\" content=\"Brand &amp; Riskanalys \u00e4r ett brandkonsultf\u00f6retag med kontor i Kalmar, Karlskrona och V\u00e4xj\u00f6 som nu blivit en del av BST Group.\" \/>\n<meta property=\"og:url\" content=\"https:\/\/bstgroupab.com\/sv\/brand-riskanalys-blir-en-del-av-bst-group\/\" \/>\n<meta property=\"og:site_name\" content=\"BST Group\" \/>\n<meta property=\"article:published_time\" content=\"2021-09-06T13:00:00+00:00\" \/>\n<meta property=\"article:modified_time\" content=\"2024-02-26T14:41:25+00:00\" \/>\n<meta property=\"og:image\" content=\"https:\/\/bstgroupab.com\/wp-content\/uploads\/2023\/06\/herex_brand_riskanalys.jpg\" \/>\n\t<meta property=\"og:image:width\" content=\"1920\" \/>\n\t<meta property=\"og:image:height\" content=\"1080\" \/>\n\t<meta property=\"og:image:type\" content=\"image\/jpeg\" \/>\n<meta name=\"author\" content=\"Old_User\" \/>\n<meta name=\"twitter:card\" content=\"summary_large_image\" \/>\n<meta name=\"twitter:label1\" content=\"Skriven av\" \/>\n\t<meta name=\"twitter:data1\" content=\"Old_User\" \/>\n<script type=\"application\/ld+json\" class=\"yoast-schema-graph\">{\"@context\":\"https:\\\/\\\/schema.org\",\"@graph\":[{\"@type\":\"Article\",\"@id\":\"https:\\\/\\\/bstgroupab.com\\\/sv\\\/brand-riskanalys-blir-en-del-av-bst-group\\\/#article\",\"isPartOf\":{\"@id\":\"https:\\\/\\\/bstgroupab.com\\\/sv\\\/brand-riskanalys-blir-en-del-av-bst-group\\\/\"},\"author\":{\"name\":\"Old_User\",\"@id\":\"https:\\\/\\\/bstgroupab.com\\\/sv\\\/#\\\/schema\\\/person\\\/f0728fe3af73648d0399ffdfc9505916\"},\"headline\":\"Brand &#038; Riskanalys blir en del av BST Group\",\"datePublished\":\"2021-09-06T13:00:00+00:00\",\"dateModified\":\"2024-02-26T14:41:25+00:00\",\"mainEntityOfPage\":{\"@id\":\"https:\\\/\\\/bstgroupab.com\\\/sv\\\/brand-riskanalys-blir-en-del-av-bst-group\\\/\"},\"wordCount\":199,\"publisher\":{\"@id\":\"https:\\\/\\\/bstgroupab.com\\\/sv\\\/#organization\"},\"image\":{\"@id\":\"https:\\\/\\\/bstgroupab.com\\\/sv\\\/brand-riskanalys-blir-en-del-av-bst-group\\\/#primaryimage\"},\"thumbnailUrl\":\"https:\\\/\\\/bstgroupab.com\\\/wp-content\\\/uploads\\\/2023\\\/06\\\/herex_brand_riskanalys.jpg\",\"articleSection\":[\"F\u00f6rv\u00e4rv\"],\"inLanguage\":\"sv-SE\"},{\"@type\":\"WebPage\",\"@id\":\"https:\\\/\\\/bstgroupab.com\\\/sv\\\/brand-riskanalys-blir-en-del-av-bst-group\\\/\",\"url\":\"https:\\\/\\\/bstgroupab.com\\\/sv\\\/brand-riskanalys-blir-en-del-av-bst-group\\\/\",\"name\":\"Brand & Riskanalys blir en del av BST Group - BST Group\",\"isPartOf\":{\"@id\":\"https:\\\/\\\/bstgroupab.com\\\/sv\\\/#website\"},\"primaryImageOfPage\":{\"@id\":\"https:\\\/\\\/bstgroupab.com\\\/sv\\\/brand-riskanalys-blir-en-del-av-bst-group\\\/#primaryimage\"},\"image\":{\"@id\":\"https:\\\/\\\/bstgroupab.com\\\/sv\\\/brand-riskanalys-blir-en-del-av-bst-group\\\/#primaryimage\"},\"thumbnailUrl\":\"https:\\\/\\\/bstgroupab.com\\\/wp-content\\\/uploads\\\/2023\\\/06\\\/herex_brand_riskanalys.jpg\",\"datePublished\":\"2021-09-06T13:00:00+00:00\",\"dateModified\":\"2024-02-26T14:41:25+00:00\",\"description\":\"Brand & Riskanalys \u00e4r ett brandkonsultf\u00f6retag med kontor i Kalmar, Karlskrona och V\u00e4xj\u00f6 som nu blivit en del av BST Group.\",\"breadcrumb\":{\"@id\":\"https:\\\/\\\/bstgroupab.com\\\/sv\\\/brand-riskanalys-blir-en-del-av-bst-group\\\/#breadcrumb\"},\"inLanguage\":\"sv-SE\",\"potentialAction\":[{\"@type\":\"ReadAction\",\"target\":[\"https:\\\/\\\/bstgroupab.com\\\/sv\\\/brand-riskanalys-blir-en-del-av-bst-group\\\/\"]}]},{\"@type\":\"ImageObject\",\"inLanguage\":\"sv-SE\",\"@id\":\"https:\\\/\\\/bstgroupab.com\\\/sv\\\/brand-riskanalys-blir-en-del-av-bst-group\\\/#primaryimage\",\"url\":\"https:\\\/\\\/bstgroupab.com\\\/wp-content\\\/uploads\\\/2023\\\/06\\\/herex_brand_riskanalys.jpg\",\"contentUrl\":\"https:\\\/\\\/bstgroupab.com\\\/wp-content\\\/uploads\\\/2023\\\/06\\\/herex_brand_riskanalys.jpg\",\"width\":1920,\"height\":1080},{\"@type\":\"BreadcrumbList\",\"@id\":\"https:\\\/\\\/bstgroupab.com\\\/sv\\\/brand-riskanalys-blir-en-del-av-bst-group\\\/#breadcrumb\",\"itemListElement\":[{\"@type\":\"ListItem\",\"position\":1,\"name\":\"Home\",\"item\":\"https:\\\/\\\/bstgroupab.com\\\/sv\\\/\"},{\"@type\":\"ListItem\",\"position\":2,\"name\":\"Brand &#038; Riskanalys blir en del av BST Group\"}]},{\"@type\":\"WebSite\",\"@id\":\"https:\\\/\\\/bstgroupab.com\\\/sv\\\/#website\",\"url\":\"https:\\\/\\\/bstgroupab.com\\\/sv\\\/\",\"name\":\"BST Group\",\"description\":\"Vi m\u00f6jligg\u00f6r morgondagens brandskydd\",\"publisher\":{\"@id\":\"https:\\\/\\\/bstgroupab.com\\\/sv\\\/#organization\"},\"potentialAction\":[{\"@type\":\"SearchAction\",\"target\":{\"@type\":\"EntryPoint\",\"urlTemplate\":\"https:\\\/\\\/bstgroupab.com\\\/sv\\\/?s={search_term_string}\"},\"query-input\":{\"@type\":\"PropertyValueSpecification\",\"valueRequired\":true,\"valueName\":\"search_term_string\"}}],\"inLanguage\":\"sv-SE\"},{\"@type\":\"Organization\",\"@id\":\"https:\\\/\\\/bstgroupab.com\\\/sv\\\/#organization\",\"name\":\"BST Group\",\"url\":\"https:\\\/\\\/bstgroupab.com\\\/sv\\\/\",\"logo\":{\"@type\":\"ImageObject\",\"inLanguage\":\"sv-SE\",\"@id\":\"https:\\\/\\\/bstgroupab.com\\\/sv\\\/#\\\/schema\\\/logo\\\/image\\\/\",\"url\":\"https:\\\/\\\/bstgroupab.com\\\/wp-content\\\/uploads\\\/2023\\\/11\\\/BST-group.svg\",\"contentUrl\":\"https:\\\/\\\/bstgroupab.com\\\/wp-content\\\/uploads\\\/2023\\\/11\\\/BST-group.svg\",\"caption\":\"BST Group\"},\"image\":{\"@id\":\"https:\\\/\\\/bstgroupab.com\\\/sv\\\/#\\\/schema\\\/logo\\\/image\\\/\"}},{\"@type\":\"Person\",\"@id\":\"https:\\\/\\\/bstgroupab.com\\\/sv\\\/#\\\/schema\\\/person\\\/f0728fe3af73648d0399ffdfc9505916\",\"name\":\"Old_User\",\"image\":{\"@type\":\"ImageObject\",\"inLanguage\":\"sv-SE\",\"@id\":\"https:\\\/\\\/secure.gravatar.com\\\/avatar\\\/f5e8bc624f77c9849c2a51ef3f191570742006f866ec5d69dd74666c0b271680?s=96&d=mm&r=g\",\"url\":\"https:\\\/\\\/secure.gravatar.com\\\/avatar\\\/f5e8bc624f77c9849c2a51ef3f191570742006f866ec5d69dd74666c0b271680?s=96&d=mm&r=g\",\"contentUrl\":\"https:\\\/\\\/secure.gravatar.com\\\/avatar\\\/f5e8bc624f77c9849c2a51ef3f191570742006f866ec5d69dd74666c0b271680?s=96&d=mm&r=g\",\"caption\":\"Old_User\"},\"sameAs\":[\"https:\\\/\\\/bstgroupab.com\"]}]}<\/script>\n<!-- \/ Yoast SEO plugin. -->","yoast_head_json":{"title":"Brand & Riskanalys blir en del av BST Group - BST Group","description":"Brand & Riskanalys \u00e4r ett brandkonsultf\u00f6retag med kontor i Kalmar, Karlskrona och V\u00e4xj\u00f6 som nu blivit en del av BST Group.","robots":{"index":"index","follow":"follow","max-snippet":"max-snippet:-1","max-image-preview":"max-image-preview:large","max-video-preview":"max-video-preview:-1"},"canonical":"https:\/\/bstgroupab.com\/sv\/brand-riskanalys-blir-en-del-av-bst-group\/","og_locale":"sv_SE","og_type":"article","og_title":"Brand & Riskanalys blir en del av BST Group - BST Group","og_description":"Brand & Riskanalys \u00e4r ett brandkonsultf\u00f6retag med kontor i Kalmar, Karlskrona och V\u00e4xj\u00f6 som nu blivit en del av BST Group.","og_url":"https:\/\/bstgroupab.com\/sv\/brand-riskanalys-blir-en-del-av-bst-group\/","og_site_name":"BST Group","article_published_time":"2021-09-06T13:00:00+00:00","article_modified_time":"2024-02-26T14:41:25+00:00","og_image":[{"width":1920,"height":1080,"url":"https:\/\/bstgroupab.com\/wp-content\/uploads\/2023\/06\/herex_brand_riskanalys.jpg","type":"image\/jpeg"}],"author":"Old_User","twitter_card":"summary_large_image","twitter_misc":{"Skriven av":"Old_User"},"schema":{"@context":"https:\/\/schema.org","@graph":[{"@type":"Article","@id":"https:\/\/bstgroupab.com\/sv\/brand-riskanalys-blir-en-del-av-bst-group\/#article","isPartOf":{"@id":"https:\/\/bstgroupab.com\/sv\/brand-riskanalys-blir-en-del-av-bst-group\/"},"author":{"name":"Old_User","@id":"https:\/\/bstgroupab.com\/sv\/#\/schema\/person\/f0728fe3af73648d0399ffdfc9505916"},"headline":"Brand &#038; Riskanalys blir en del av BST Group","datePublished":"2021-09-06T13:00:00+00:00","dateModified":"2024-02-26T14:41:25+00:00","mainEntityOfPage":{"@id":"https:\/\/bstgroupab.com\/sv\/brand-riskanalys-blir-en-del-av-bst-group\/"},"wordCount":199,"publisher":{"@id":"https:\/\/bstgroupab.com\/sv\/#organization"},"image":{"@id":"https:\/\/bstgroupab.com\/sv\/brand-riskanalys-blir-en-del-av-bst-group\/#primaryimage"},"thumbnailUrl":"https:\/\/bstgroupab.com\/wp-content\/uploads\/2023\/06\/herex_brand_riskanalys.jpg","articleSection":["F\u00f6rv\u00e4rv"],"inLanguage":"sv-SE"},{"@type":"WebPage","@id":"https:\/\/bstgroupab.com\/sv\/brand-riskanalys-blir-en-del-av-bst-group\/","url":"https:\/\/bstgroupab.com\/sv\/brand-riskanalys-blir-en-del-av-bst-group\/","name":"Brand & Riskanalys blir en del av BST Group - BST Group","isPartOf":{"@id":"https:\/\/bstgroupab.com\/sv\/#website"},"primaryImageOfPage":{"@id":"https:\/\/bstgroupab.com\/sv\/brand-riskanalys-blir-en-del-av-bst-group\/#primaryimage"},"image":{"@id":"https:\/\/bstgroupab.com\/sv\/brand-riskanalys-blir-en-del-av-bst-group\/#primaryimage"},"thumbnailUrl":"https:\/\/bstgroupab.com\/wp-content\/uploads\/2023\/06\/herex_brand_riskanalys.jpg","datePublished":"2021-09-06T13:00:00+00:00","dateModified":"2024-02-26T14:41:25+00:00","description":"Brand & Riskanalys \u00e4r ett brandkonsultf\u00f6retag med kontor i Kalmar, Karlskrona och V\u00e4xj\u00f6 som nu blivit en del av BST Group.","breadcrumb":{"@id":"https:\/\/bstgroupab.com\/sv\/brand-riskanalys-blir-en-del-av-bst-group\/#breadcrumb"},"inLanguage":"sv-SE","potentialAction":[{"@type":"ReadAction","target":["https:\/\/bstgroupab.com\/sv\/brand-riskanalys-blir-en-del-av-bst-group\/"]}]},{"@type":"ImageObject","inLanguage":"sv-SE","@id":"https:\/\/bstgroupab.com\/sv\/brand-riskanalys-blir-en-del-av-bst-group\/#primaryimage","url":"https:\/\/bstgroupab.com\/wp-content\/uploads\/2023\/06\/herex_brand_riskanalys.jpg","contentUrl":"https:\/\/bstgroupab.com\/wp-content\/uploads\/2023\/06\/herex_brand_riskanalys.jpg","width":1920,"height":1080},{"@type":"BreadcrumbList","@id":"https:\/\/bstgroupab.com\/sv\/brand-riskanalys-blir-en-del-av-bst-group\/#breadcrumb","itemListElement":[{"@type":"ListItem","position":1,"name":"Home","item":"https:\/\/bstgroupab.com\/sv\/"},{"@type":"ListItem","position":2,"name":"Brand &#038; Riskanalys blir en del av BST Group"}]},{"@type":"WebSite","@id":"https:\/\/bstgroupab.com\/sv\/#website","url":"https:\/\/bstgroupab.com\/sv\/","name":"BST Group","description":"Vi m\u00f6jligg\u00f6r morgondagens brandskydd","publisher":{"@id":"https:\/\/bstgroupab.com\/sv\/#organization"},"potentialAction":[{"@type":"SearchAction","target":{"@type":"EntryPoint","urlTemplate":"https:\/\/bstgroupab.com\/sv\/?s={search_term_string}"},"query-input":{"@type":"PropertyValueSpecification","valueRequired":true,"valueName":"search_term_string"}}],"inLanguage":"sv-SE"},{"@type":"Organization","@id":"https:\/\/bstgroupab.com\/sv\/#organization","name":"BST Group","url":"https:\/\/bstgroupab.com\/sv\/","logo":{"@type":"ImageObject","inLanguage":"sv-SE","@id":"https:\/\/bstgroupab.com\/sv\/#\/schema\/logo\/image\/","url":"https:\/\/bstgroupab.com\/wp-content\/uploads\/2023\/11\/BST-group.svg","contentUrl":"https:\/\/bstgroupab.com\/wp-content\/uploads\/2023\/11\/BST-group.svg","caption":"BST Group"},"image":{"@id":"https:\/\/bstgroupab.com\/sv\/#\/schema\/logo\/image\/"}},{"@type":"Person","@id":"https:\/\/bstgroupab.com\/sv\/#\/schema\/person\/f0728fe3af73648d0399ffdfc9505916","name":"Old_User","image":{"@type":"ImageObject","inLanguage":"sv-SE","@id":"https:\/\/secure.gravatar.com\/avatar\/f5e8bc624f77c9849c2a51ef3f191570742006f866ec5d69dd74666c0b271680?s=96&d=mm&r=g","url":"https:\/\/secure.gravatar.com\/avatar\/f5e8bc624f77c9849c2a51ef3f191570742006f866ec5d69dd74666c0b271680?s=96&d=mm&r=g","contentUrl":"https:\/\/secure.gravatar.com\/avatar\/f5e8bc624f77c9849c2a51ef3f191570742006f866ec5d69dd74666c0b271680?s=96&d=mm&r=g","caption":"Old_User"},"sameAs":["https:\/\/bstgroupab.com"]}]}},"_links":{"self":[{"href":"https:\/\/bstgroupab.com\/sv\/wp-json\/wp\/v2\/posts\/4420","targetHints":{"allow":["GET"]}}],"collection":[{"href":"https:\/\/bstgroupab.com\/sv\/wp-json\/wp\/v2\/posts"}],"about":[{"href":"https:\/\/bstgroupab.com\/sv\/wp-json\/wp\/v2\/types\/post"}],"author":[{"embeddable":true,"href":"https:\/\/bstgroupab.com\/sv\/wp-json\/wp\/v2\/users\/1"}],"replies":[{"embeddable":true,"href":"https:\/\/bstgroupab.com\/sv\/wp-json\/wp\/v2\/comments?post=4420"}],"version-history":[{"count":2,"href":"https:\/\/bstgroupab.com\/sv\/wp-json\/wp\/v2\/posts\/4420\/revisions"}],"predecessor-version":[{"id":9380,"href":"https:\/\/bstgroupab.com\/sv\/wp-json\/wp\/v2\/posts\/4420\/revisions\/9380"}],"wp:featuredmedia":[{"embeddable":true,"href":"https:\/\/bstgroupab.com\/sv\/wp-json\/wp\/v2\/media\/7641"}],"wp:attachment":[{"href":"https:\/\/bstgroupab.com\/sv\/wp-json\/wp\/v2\/media?parent=4420"}],"wp:term":[{"taxonomy":"category","embeddable":true,"href":"https:\/\/bstgroupab.com\/sv\/wp-json\/wp\/v2\/categories?post=4420"},{"taxonomy":"post_tag","embeddable":true,"href":"https:\/\/bstgroupab.com\/sv\/wp-json\/wp\/v2\/tags?post=4420"}],"curies":[{"name":"wp","href":"https:\/\/api.w.org\/{rel}","templated":true}]}}