{"id":5646,"date":"2022-09-05T15:00:00","date_gmt":"2022-09-05T13:00:00","guid":{"rendered":"https:\/\/bstab.com\/?p=5646"},"modified":"2022-09-05T15:00:00","modified_gmt":"2022-09-05T13:00:00","slug":"eltelestyrkan","status":"publish","type":"post","link":"https:\/\/bstgroupab.com\/sv\/eltelestyrkan\/","title":{"rendered":"BST Group breddar sitt erbjudande ytterligare &#8211; f\u00f6rv\u00e4rvar brandlarmsentrepren\u00f6ren Eltelestyrkan"},"content":{"rendered":"\n<p><\/p>\n\n\n<p><strong>Eltelestyrkan Ocez AB, med bas i Stockholm, \u00e4r nyaste tillskottet in i BST Group, som i och med f\u00f6rv\u00e4rvet breddar sitt utbud inom installation och service av brandlarm samt st\u00e4rker sitt erbjudande inom helt\u00e4ckande brandskydd ytterligare.<\/strong> <\/p>\n<p>I onsdags, den 31 augusti, stod det klart att Eltelestyrkan Ocez AB f\u00f6rv\u00e4rvas av BST Group och blir d\u00e4rmed det femte bolaget som entrar gruppen i \u00e5r. Med sin verksamhet, fr\u00e4mst best\u00e5ende av brandlarmsentreprenader och s\u00e4kerhetsprojekt, bygger de p\u00e5 BST Groups erbjudande inom brandlarm.<\/p>\n<p>Eltelestyrkan grundades 1987 och drivs av Roy Abrahamsson sedan 1999 som idag sitter som VD. Bolaget utg\u00e5r fr\u00e5n Stockholmsomr\u00e5det och har 10 medarbetare. Eltelestyrkan Ocez AB kommer forts\u00e4tta bedrivas under det egna varum\u00e4rket som ett av BST Groups nytillkomna dotterbolag.<\/p>\n<p>&#8211; Det ska bli kul att verka i en grupp som har s\u00e5 tydligt fokus p\u00e5 brandskydd d\u00e4r vi kommer kunna utveckla verksamheten tillsammans samt bli involverade i nya typer av projekt, s\u00e4ger Roy Abrahamsson, VD f\u00f6r Eltelestyrkan.<\/p>\n<p>&#8211; F\u00f6r BST Group kommer Eltelestyrkan bli ett mycket bra inslag i v\u00e5r totala aff\u00e4r d\u00e5 vi breddar v\u00e5r verksamhet. Vi har idag flera gemensamma kunder och bedriver en hel del verksamhetsutvecklande projekt d\u00e4r Elstyrkans kompetens blir en viktig ingrediens, s\u00e4ger Peter B\u00fchler, VD f\u00f6r BST Group.<\/p>\n<p><strong>Vill du veta mer? V\u00e4nligen kontakta:&nbsp;<\/strong><\/p>\n<p>Peter B\u00fchler, VD BST Group<br \/>Mail: <a href=\"mailto:peter.buhler@bstgroupab.com\">peter.buhler@bstgroupab.com<\/a> <br \/>Tel: <a href=\"tel:0046760010151\">+46 760-010 151<\/a><\/p>\n<p>Roy Abrahamsson, VD Eltelestyrkan<br \/>Mail: roy@eltelestyrkan.se <br \/>Tel: <a href=\"tel:0046708287250\">+46 70-828 72 50<\/a><\/p>","protected":false},"excerpt":{"rendered":"<p>BST Group f\u00f6rv\u00e4rvar Eltelestyrkan &#8211; breddar sitt erbjudande inom brandlarm.<\/p>\n","protected":false},"author":1,"featured_media":7636,"comment_status":"closed","ping_status":"closed","sticky":false,"template":"","format":"standard","meta":{"footnotes":""},"categories":[93],"tags":[],"class_list":["post-5646","post","type-post","status-publish","format-standard","has-post-thumbnail","hentry","category-forvarv"],"yoast_head":"<!-- This site is optimized with the Yoast SEO plugin v27.5 - https:\/\/yoast.com\/product\/yoast-seo-wordpress\/ -->\n<title>BST Group breddar sitt erbjudande ytterligare - f\u00f6rv\u00e4rvar brandlarmsentrepren\u00f6ren Eltelestyrkan - BST Group<\/title>\n<meta name=\"description\" content=\"BST Group f\u00f6rv\u00e4rvar Eltelestyrkan - breddar sitt erbjudande inom brandlarm.\" \/>\n<meta name=\"robots\" content=\"index, follow, max-snippet:-1, max-image-preview:large, max-video-preview:-1\" \/>\n<link rel=\"canonical\" href=\"https:\/\/bstgroupab.com\/sv\/eltelestyrkan\/\" \/>\n<meta property=\"og:locale\" content=\"sv_SE\" \/>\n<meta property=\"og:type\" content=\"article\" \/>\n<meta property=\"og:title\" content=\"BST Group breddar sitt erbjudande ytterligare - f\u00f6rv\u00e4rvar brandlarmsentrepren\u00f6ren Eltelestyrkan - BST Group\" \/>\n<meta property=\"og:description\" content=\"BST Group f\u00f6rv\u00e4rvar Eltelestyrkan - breddar sitt erbjudande inom brandlarm.\" \/>\n<meta property=\"og:url\" content=\"https:\/\/bstgroupab.com\/sv\/eltelestyrkan\/\" \/>\n<meta property=\"og:site_name\" content=\"BST Group\" \/>\n<meta property=\"article:published_time\" content=\"2022-09-05T13:00:00+00:00\" \/>\n<meta property=\"og:image\" content=\"https:\/\/bstgroupab.com\/wp-content\/uploads\/2023\/06\/herex_eltelestyrkan-ab.jpg\" \/>\n\t<meta property=\"og:image:width\" content=\"1600\" \/>\n\t<meta property=\"og:image:height\" content=\"1120\" \/>\n\t<meta property=\"og:image:type\" content=\"image\/jpeg\" \/>\n<meta name=\"author\" content=\"Old_User\" \/>\n<meta name=\"twitter:card\" content=\"summary_large_image\" \/>\n<meta name=\"twitter:label1\" content=\"Skriven av\" \/>\n\t<meta name=\"twitter:data1\" content=\"Old_User\" \/>\n<script type=\"application\/ld+json\" class=\"yoast-schema-graph\">{\"@context\":\"https:\\\/\\\/schema.org\",\"@graph\":[{\"@type\":\"Article\",\"@id\":\"https:\\\/\\\/bstgroupab.com\\\/sv\\\/eltelestyrkan\\\/#article\",\"isPartOf\":{\"@id\":\"https:\\\/\\\/bstgroupab.com\\\/sv\\\/eltelestyrkan\\\/\"},\"author\":{\"name\":\"Old_User\",\"@id\":\"https:\\\/\\\/bstgroupab.com\\\/sv\\\/#\\\/schema\\\/person\\\/f0728fe3af73648d0399ffdfc9505916\"},\"headline\":\"BST Group breddar sitt erbjudande ytterligare &#8211; f\u00f6rv\u00e4rvar brandlarmsentrepren\u00f6ren Eltelestyrkan\",\"datePublished\":\"2022-09-05T13:00:00+00:00\",\"mainEntityOfPage\":{\"@id\":\"https:\\\/\\\/bstgroupab.com\\\/sv\\\/eltelestyrkan\\\/\"},\"wordCount\":269,\"publisher\":{\"@id\":\"https:\\\/\\\/bstgroupab.com\\\/sv\\\/#organization\"},\"image\":{\"@id\":\"https:\\\/\\\/bstgroupab.com\\\/sv\\\/eltelestyrkan\\\/#primaryimage\"},\"thumbnailUrl\":\"https:\\\/\\\/bstgroupab.com\\\/wp-content\\\/uploads\\\/2023\\\/06\\\/herex_eltelestyrkan-ab.jpg\",\"articleSection\":[\"F\u00f6rv\u00e4rv\"],\"inLanguage\":\"sv-SE\"},{\"@type\":\"WebPage\",\"@id\":\"https:\\\/\\\/bstgroupab.com\\\/sv\\\/eltelestyrkan\\\/\",\"url\":\"https:\\\/\\\/bstgroupab.com\\\/sv\\\/eltelestyrkan\\\/\",\"name\":\"BST Group breddar sitt erbjudande ytterligare - f\u00f6rv\u00e4rvar brandlarmsentrepren\u00f6ren Eltelestyrkan - BST Group\",\"isPartOf\":{\"@id\":\"https:\\\/\\\/bstgroupab.com\\\/sv\\\/#website\"},\"primaryImageOfPage\":{\"@id\":\"https:\\\/\\\/bstgroupab.com\\\/sv\\\/eltelestyrkan\\\/#primaryimage\"},\"image\":{\"@id\":\"https:\\\/\\\/bstgroupab.com\\\/sv\\\/eltelestyrkan\\\/#primaryimage\"},\"thumbnailUrl\":\"https:\\\/\\\/bstgroupab.com\\\/wp-content\\\/uploads\\\/2023\\\/06\\\/herex_eltelestyrkan-ab.jpg\",\"datePublished\":\"2022-09-05T13:00:00+00:00\",\"description\":\"BST Group f\u00f6rv\u00e4rvar Eltelestyrkan - breddar sitt erbjudande inom brandlarm.\",\"breadcrumb\":{\"@id\":\"https:\\\/\\\/bstgroupab.com\\\/sv\\\/eltelestyrkan\\\/#breadcrumb\"},\"inLanguage\":\"sv-SE\",\"potentialAction\":[{\"@type\":\"ReadAction\",\"target\":[\"https:\\\/\\\/bstgroupab.com\\\/sv\\\/eltelestyrkan\\\/\"]}]},{\"@type\":\"ImageObject\",\"inLanguage\":\"sv-SE\",\"@id\":\"https:\\\/\\\/bstgroupab.com\\\/sv\\\/eltelestyrkan\\\/#primaryimage\",\"url\":\"https:\\\/\\\/bstgroupab.com\\\/wp-content\\\/uploads\\\/2023\\\/06\\\/herex_eltelestyrkan-ab.jpg\",\"contentUrl\":\"https:\\\/\\\/bstgroupab.com\\\/wp-content\\\/uploads\\\/2023\\\/06\\\/herex_eltelestyrkan-ab.jpg\",\"width\":1600,\"height\":1120},{\"@type\":\"BreadcrumbList\",\"@id\":\"https:\\\/\\\/bstgroupab.com\\\/sv\\\/eltelestyrkan\\\/#breadcrumb\",\"itemListElement\":[{\"@type\":\"ListItem\",\"position\":1,\"name\":\"Home\",\"item\":\"https:\\\/\\\/bstgroupab.com\\\/sv\\\/\"},{\"@type\":\"ListItem\",\"position\":2,\"name\":\"BST Group breddar sitt erbjudande ytterligare &#8211; f\u00f6rv\u00e4rvar brandlarmsentrepren\u00f6ren Eltelestyrkan\"}]},{\"@type\":\"WebSite\",\"@id\":\"https:\\\/\\\/bstgroupab.com\\\/sv\\\/#website\",\"url\":\"https:\\\/\\\/bstgroupab.com\\\/sv\\\/\",\"name\":\"BST Group\",\"description\":\"Vi m\u00f6jligg\u00f6r morgondagens brandskydd\",\"publisher\":{\"@id\":\"https:\\\/\\\/bstgroupab.com\\\/sv\\\/#organization\"},\"potentialAction\":[{\"@type\":\"SearchAction\",\"target\":{\"@type\":\"EntryPoint\",\"urlTemplate\":\"https:\\\/\\\/bstgroupab.com\\\/sv\\\/?s={search_term_string}\"},\"query-input\":{\"@type\":\"PropertyValueSpecification\",\"valueRequired\":true,\"valueName\":\"search_term_string\"}}],\"inLanguage\":\"sv-SE\"},{\"@type\":\"Organization\",\"@id\":\"https:\\\/\\\/bstgroupab.com\\\/sv\\\/#organization\",\"name\":\"BST Group\",\"url\":\"https:\\\/\\\/bstgroupab.com\\\/sv\\\/\",\"logo\":{\"@type\":\"ImageObject\",\"inLanguage\":\"sv-SE\",\"@id\":\"https:\\\/\\\/bstgroupab.com\\\/sv\\\/#\\\/schema\\\/logo\\\/image\\\/\",\"url\":\"https:\\\/\\\/bstgroupab.com\\\/wp-content\\\/uploads\\\/2023\\\/11\\\/BST-group.svg\",\"contentUrl\":\"https:\\\/\\\/bstgroupab.com\\\/wp-content\\\/uploads\\\/2023\\\/11\\\/BST-group.svg\",\"caption\":\"BST Group\"},\"image\":{\"@id\":\"https:\\\/\\\/bstgroupab.com\\\/sv\\\/#\\\/schema\\\/logo\\\/image\\\/\"}},{\"@type\":\"Person\",\"@id\":\"https:\\\/\\\/bstgroupab.com\\\/sv\\\/#\\\/schema\\\/person\\\/f0728fe3af73648d0399ffdfc9505916\",\"name\":\"Old_User\",\"image\":{\"@type\":\"ImageObject\",\"inLanguage\":\"sv-SE\",\"@id\":\"https:\\\/\\\/secure.gravatar.com\\\/avatar\\\/f5e8bc624f77c9849c2a51ef3f191570742006f866ec5d69dd74666c0b271680?s=96&d=mm&r=g\",\"url\":\"https:\\\/\\\/secure.gravatar.com\\\/avatar\\\/f5e8bc624f77c9849c2a51ef3f191570742006f866ec5d69dd74666c0b271680?s=96&d=mm&r=g\",\"contentUrl\":\"https:\\\/\\\/secure.gravatar.com\\\/avatar\\\/f5e8bc624f77c9849c2a51ef3f191570742006f866ec5d69dd74666c0b271680?s=96&d=mm&r=g\",\"caption\":\"Old_User\"},\"sameAs\":[\"https:\\\/\\\/bstgroupab.com\"]}]}<\/script>\n<!-- \/ Yoast SEO plugin. -->","yoast_head_json":{"title":"BST Group breddar sitt erbjudande ytterligare - f\u00f6rv\u00e4rvar brandlarmsentrepren\u00f6ren Eltelestyrkan - BST Group","description":"BST Group f\u00f6rv\u00e4rvar Eltelestyrkan - breddar sitt erbjudande inom brandlarm.","robots":{"index":"index","follow":"follow","max-snippet":"max-snippet:-1","max-image-preview":"max-image-preview:large","max-video-preview":"max-video-preview:-1"},"canonical":"https:\/\/bstgroupab.com\/sv\/eltelestyrkan\/","og_locale":"sv_SE","og_type":"article","og_title":"BST Group breddar sitt erbjudande ytterligare - f\u00f6rv\u00e4rvar brandlarmsentrepren\u00f6ren Eltelestyrkan - BST Group","og_description":"BST Group f\u00f6rv\u00e4rvar Eltelestyrkan - breddar sitt erbjudande inom brandlarm.","og_url":"https:\/\/bstgroupab.com\/sv\/eltelestyrkan\/","og_site_name":"BST Group","article_published_time":"2022-09-05T13:00:00+00:00","og_image":[{"width":1600,"height":1120,"url":"https:\/\/bstgroupab.com\/wp-content\/uploads\/2023\/06\/herex_eltelestyrkan-ab.jpg","type":"image\/jpeg"}],"author":"Old_User","twitter_card":"summary_large_image","twitter_misc":{"Skriven av":"Old_User"},"schema":{"@context":"https:\/\/schema.org","@graph":[{"@type":"Article","@id":"https:\/\/bstgroupab.com\/sv\/eltelestyrkan\/#article","isPartOf":{"@id":"https:\/\/bstgroupab.com\/sv\/eltelestyrkan\/"},"author":{"name":"Old_User","@id":"https:\/\/bstgroupab.com\/sv\/#\/schema\/person\/f0728fe3af73648d0399ffdfc9505916"},"headline":"BST Group breddar sitt erbjudande ytterligare &#8211; f\u00f6rv\u00e4rvar brandlarmsentrepren\u00f6ren Eltelestyrkan","datePublished":"2022-09-05T13:00:00+00:00","mainEntityOfPage":{"@id":"https:\/\/bstgroupab.com\/sv\/eltelestyrkan\/"},"wordCount":269,"publisher":{"@id":"https:\/\/bstgroupab.com\/sv\/#organization"},"image":{"@id":"https:\/\/bstgroupab.com\/sv\/eltelestyrkan\/#primaryimage"},"thumbnailUrl":"https:\/\/bstgroupab.com\/wp-content\/uploads\/2023\/06\/herex_eltelestyrkan-ab.jpg","articleSection":["F\u00f6rv\u00e4rv"],"inLanguage":"sv-SE"},{"@type":"WebPage","@id":"https:\/\/bstgroupab.com\/sv\/eltelestyrkan\/","url":"https:\/\/bstgroupab.com\/sv\/eltelestyrkan\/","name":"BST Group breddar sitt erbjudande ytterligare - f\u00f6rv\u00e4rvar brandlarmsentrepren\u00f6ren Eltelestyrkan - BST Group","isPartOf":{"@id":"https:\/\/bstgroupab.com\/sv\/#website"},"primaryImageOfPage":{"@id":"https:\/\/bstgroupab.com\/sv\/eltelestyrkan\/#primaryimage"},"image":{"@id":"https:\/\/bstgroupab.com\/sv\/eltelestyrkan\/#primaryimage"},"thumbnailUrl":"https:\/\/bstgroupab.com\/wp-content\/uploads\/2023\/06\/herex_eltelestyrkan-ab.jpg","datePublished":"2022-09-05T13:00:00+00:00","description":"BST Group f\u00f6rv\u00e4rvar Eltelestyrkan - breddar sitt erbjudande inom brandlarm.","breadcrumb":{"@id":"https:\/\/bstgroupab.com\/sv\/eltelestyrkan\/#breadcrumb"},"inLanguage":"sv-SE","potentialAction":[{"@type":"ReadAction","target":["https:\/\/bstgroupab.com\/sv\/eltelestyrkan\/"]}]},{"@type":"ImageObject","inLanguage":"sv-SE","@id":"https:\/\/bstgroupab.com\/sv\/eltelestyrkan\/#primaryimage","url":"https:\/\/bstgroupab.com\/wp-content\/uploads\/2023\/06\/herex_eltelestyrkan-ab.jpg","contentUrl":"https:\/\/bstgroupab.com\/wp-content\/uploads\/2023\/06\/herex_eltelestyrkan-ab.jpg","width":1600,"height":1120},{"@type":"BreadcrumbList","@id":"https:\/\/bstgroupab.com\/sv\/eltelestyrkan\/#breadcrumb","itemListElement":[{"@type":"ListItem","position":1,"name":"Home","item":"https:\/\/bstgroupab.com\/sv\/"},{"@type":"ListItem","position":2,"name":"BST Group breddar sitt erbjudande ytterligare &#8211; f\u00f6rv\u00e4rvar brandlarmsentrepren\u00f6ren Eltelestyrkan"}]},{"@type":"WebSite","@id":"https:\/\/bstgroupab.com\/sv\/#website","url":"https:\/\/bstgroupab.com\/sv\/","name":"BST Group","description":"Vi m\u00f6jligg\u00f6r morgondagens brandskydd","publisher":{"@id":"https:\/\/bstgroupab.com\/sv\/#organization"},"potentialAction":[{"@type":"SearchAction","target":{"@type":"EntryPoint","urlTemplate":"https:\/\/bstgroupab.com\/sv\/?s={search_term_string}"},"query-input":{"@type":"PropertyValueSpecification","valueRequired":true,"valueName":"search_term_string"}}],"inLanguage":"sv-SE"},{"@type":"Organization","@id":"https:\/\/bstgroupab.com\/sv\/#organization","name":"BST Group","url":"https:\/\/bstgroupab.com\/sv\/","logo":{"@type":"ImageObject","inLanguage":"sv-SE","@id":"https:\/\/bstgroupab.com\/sv\/#\/schema\/logo\/image\/","url":"https:\/\/bstgroupab.com\/wp-content\/uploads\/2023\/11\/BST-group.svg","contentUrl":"https:\/\/bstgroupab.com\/wp-content\/uploads\/2023\/11\/BST-group.svg","caption":"BST Group"},"image":{"@id":"https:\/\/bstgroupab.com\/sv\/#\/schema\/logo\/image\/"}},{"@type":"Person","@id":"https:\/\/bstgroupab.com\/sv\/#\/schema\/person\/f0728fe3af73648d0399ffdfc9505916","name":"Old_User","image":{"@type":"ImageObject","inLanguage":"sv-SE","@id":"https:\/\/secure.gravatar.com\/avatar\/f5e8bc624f77c9849c2a51ef3f191570742006f866ec5d69dd74666c0b271680?s=96&d=mm&r=g","url":"https:\/\/secure.gravatar.com\/avatar\/f5e8bc624f77c9849c2a51ef3f191570742006f866ec5d69dd74666c0b271680?s=96&d=mm&r=g","contentUrl":"https:\/\/secure.gravatar.com\/avatar\/f5e8bc624f77c9849c2a51ef3f191570742006f866ec5d69dd74666c0b271680?s=96&d=mm&r=g","caption":"Old_User"},"sameAs":["https:\/\/bstgroupab.com"]}]}},"_links":{"self":[{"href":"https:\/\/bstgroupab.com\/sv\/wp-json\/wp\/v2\/posts\/5646","targetHints":{"allow":["GET"]}}],"collection":[{"href":"https:\/\/bstgroupab.com\/sv\/wp-json\/wp\/v2\/posts"}],"about":[{"href":"https:\/\/bstgroupab.com\/sv\/wp-json\/wp\/v2\/types\/post"}],"author":[{"embeddable":true,"href":"https:\/\/bstgroupab.com\/sv\/wp-json\/wp\/v2\/users\/1"}],"replies":[{"embeddable":true,"href":"https:\/\/bstgroupab.com\/sv\/wp-json\/wp\/v2\/comments?post=5646"}],"version-history":[{"count":1,"href":"https:\/\/bstgroupab.com\/sv\/wp-json\/wp\/v2\/posts\/5646\/revisions"}],"predecessor-version":[{"id":9366,"href":"https:\/\/bstgroupab.com\/sv\/wp-json\/wp\/v2\/posts\/5646\/revisions\/9366"}],"wp:featuredmedia":[{"embeddable":true,"href":"https:\/\/bstgroupab.com\/sv\/wp-json\/wp\/v2\/media\/7636"}],"wp:attachment":[{"href":"https:\/\/bstgroupab.com\/sv\/wp-json\/wp\/v2\/media?parent=5646"}],"wp:term":[{"taxonomy":"category","embeddable":true,"href":"https:\/\/bstgroupab.com\/sv\/wp-json\/wp\/v2\/categories?post=5646"},{"taxonomy":"post_tag","embeddable":true,"href":"https:\/\/bstgroupab.com\/sv\/wp-json\/wp\/v2\/tags?post=5646"}],"curies":[{"name":"wp","href":"https:\/\/api.w.org\/{rel}","templated":true}]}}