{"id":5765,"date":"2022-11-15T12:05:00","date_gmt":"2022-11-15T11:05:00","guid":{"rendered":"https:\/\/bstab.com\/?p=5765"},"modified":"2024-02-26T15:42:27","modified_gmt":"2024-02-26T14:42:27","slug":"larm-och-teletjanst-ab-blir-en-del-av-bst-group","status":"publish","type":"post","link":"https:\/\/bstgroupab.com\/sv\/larm-och-teletjanst-ab-blir-en-del-av-bst-group\/","title":{"rendered":"Larm och Teletj\u00e4nst AB blir en del av BST Group"},"content":{"rendered":"\n<p><strong>BST Group har f\u00f6rv\u00e4rvat brandlarmsentrepren\u00f6ren Larm och Teletj\u00e4nst AB vilka avsev\u00e4rt f\u00f6rst\u00e4rker gruppens ambitioner inom brandlarm och service.<\/strong><\/p>\n\n\n\n<p>BST Group har genom f\u00f6rv\u00e4rvet av Larm och Teletj\u00e4nst ut\u00f6kat erbjudandet inom<br \/>brandlarm.<\/p>\n\n\n\n<p>Larm och Teletj\u00e4nsts verksamhet best\u00e5r fr\u00e4mst av \u00e5terkommande kunder varf\u00f6r bolaget<br \/>ligger v\u00e4l i linje med BST Groups satsning inom b\u00e5de brandlarm och service.<br \/>Anders Kullberg och Stefan Gelin bildade Larm och Teletj\u00e4nst 2009 och driver idag<br \/>f\u00f6retaget tillsammans med 26 medarbetare. Kontor och lager har man i Bromma strax<br \/>utanf\u00f6r Stockholm.<\/p>\n\n\n\n<p>&#8211; Vi har sen l\u00e4nge haft djupg\u00e5ende samarbeten med flera av bolagen inom BST Group<br \/>varf\u00f6r vi k\u00e4nner oss trygga med att bli en del av gruppen och ing\u00e5 i ett st\u00f6rre<br \/>sammanhang. Det ska bli sp\u00e4nnande att ta n\u00e4sta steg i utvecklingen av v\u00e5ra aff\u00e4rer<br \/>samtidigt som vi k\u00e4nner att vi kan bidra med mycket kompetens inom BST Group,<br \/>s\u00e4ger Anders Kullberg, VD f\u00f6r Larm och Teletj\u00e4nst.<\/p>\n\n\n\n<p>&#8211; Det \u00e4r f\u00f6r oss p\u00e5 BST Group mycket v\u00e4rdefullt att Larm och Teletj\u00e4nst blir en del av<br \/>v\u00e5r verksamhet. Bolaget bidrar starkt till utvecklingen inom b\u00e5de service och brandlarm<br \/>vilket tydligt f\u00f6rst\u00e4rker v\u00e5rt erbjudande som brandskyddsspecialist. Anders och Stefan<br \/>har skapat ett v\u00e4lrenommerat f\u00f6retag vilket g\u00f6r att Larm och Teletj\u00e4nst passar mycket<br \/>bra in i v\u00e5r grupp, s\u00e4ger Peter B\u00fchler, VD f\u00f6r BST Group.<\/p>\n\n\n\n<p>Larm och Teletj\u00e4nst AB kommer drivas vidare av Anders och Stefan som ett av BST Groups dotterbolag.<\/p>\n\n\n\n<p><strong>Vill du veta mer om aff\u00e4ren? V\u00e4nligen kontakta:<\/strong><\/p>\n\n\n\n<p>Peter B\u00fchler, VD BST Group<br \/>Mail: <a href=\"mailto:peter.buhler@bstgroupab.com\">peter.buhler@bstgroupab.com<\/a><br \/>Tel: <a href=\"tel:0046760010151\">+46 760-010 151<\/a><br \/><\/p>\n\n\n\n<p>Anders Kullberg, VD Larm och Teletj\u00e4nst<br \/>Mail: <a href=\"mailto:anders.kullberg@larmtele.com\">anders.kullberg@larmtele.com<\/a><br \/>Tel: <a href=\"http:\/\/0046706557773\">+46 70-655 77 73<\/a><\/p>\n","protected":false},"excerpt":{"rendered":"<p>BST Group har f\u00f6rv\u00e4rvat brandlarmsentrepren\u00f6ren Larm och Teletj\u00e4nst AB vilka avsev\u00e4rt f\u00f6rst\u00e4rker gruppens ambitioner inom brandlarm och service.<\/p>\n","protected":false},"author":1,"featured_media":7634,"comment_status":"closed","ping_status":"closed","sticky":false,"template":"","format":"standard","meta":{"footnotes":""},"categories":[93],"tags":[],"class_list":["post-5765","post","type-post","status-publish","format-standard","has-post-thumbnail","hentry","category-forvarv"],"yoast_head":"<!-- This site is optimized with the Yoast SEO plugin v27.5 - https:\/\/yoast.com\/product\/yoast-seo-wordpress\/ -->\n<title>Larm och Teletj\u00e4nst AB blir en del av BST Group - BST Group<\/title>\n<meta name=\"robots\" content=\"index, follow, max-snippet:-1, max-image-preview:large, max-video-preview:-1\" \/>\n<link rel=\"canonical\" href=\"https:\/\/bstgroupab.com\/sv\/larm-och-teletjanst-ab-blir-en-del-av-bst-group\/\" \/>\n<meta property=\"og:locale\" content=\"sv_SE\" \/>\n<meta property=\"og:type\" content=\"article\" \/>\n<meta property=\"og:title\" content=\"Larm och Teletj\u00e4nst AB blir en del av BST Group - BST Group\" \/>\n<meta property=\"og:description\" content=\"BST Group har f\u00f6rv\u00e4rvat brandlarmsentrepren\u00f6ren Larm och Teletj\u00e4nst AB vilka avsev\u00e4rt f\u00f6rst\u00e4rker gruppens ambitioner inom brandlarm och service.\" \/>\n<meta property=\"og:url\" content=\"https:\/\/bstgroupab.com\/sv\/larm-och-teletjanst-ab-blir-en-del-av-bst-group\/\" \/>\n<meta property=\"og:site_name\" content=\"BST Group\" \/>\n<meta property=\"article:published_time\" content=\"2022-11-15T11:05:00+00:00\" \/>\n<meta property=\"article:modified_time\" content=\"2024-02-26T14:42:27+00:00\" \/>\n<meta property=\"og:image\" content=\"https:\/\/bstgroupab.com\/wp-content\/uploads\/2023\/06\/herex_larmtele.jpg\" \/>\n\t<meta property=\"og:image:width\" content=\"1600\" \/>\n\t<meta property=\"og:image:height\" content=\"1120\" \/>\n\t<meta property=\"og:image:type\" content=\"image\/jpeg\" \/>\n<meta name=\"author\" content=\"Old_User\" \/>\n<meta name=\"twitter:card\" content=\"summary_large_image\" \/>\n<meta name=\"twitter:label1\" content=\"Skriven av\" \/>\n\t<meta name=\"twitter:data1\" content=\"Old_User\" \/>\n<script type=\"application\/ld+json\" class=\"yoast-schema-graph\">{\"@context\":\"https:\\\/\\\/schema.org\",\"@graph\":[{\"@type\":\"Article\",\"@id\":\"https:\\\/\\\/bstgroupab.com\\\/sv\\\/larm-och-teletjanst-ab-blir-en-del-av-bst-group\\\/#article\",\"isPartOf\":{\"@id\":\"https:\\\/\\\/bstgroupab.com\\\/sv\\\/larm-och-teletjanst-ab-blir-en-del-av-bst-group\\\/\"},\"author\":{\"name\":\"Old_User\",\"@id\":\"https:\\\/\\\/bstgroupab.com\\\/sv\\\/#\\\/schema\\\/person\\\/f0728fe3af73648d0399ffdfc9505916\"},\"headline\":\"Larm och Teletj\u00e4nst AB blir en del av BST Group\",\"datePublished\":\"2022-11-15T11:05:00+00:00\",\"dateModified\":\"2024-02-26T14:42:27+00:00\",\"mainEntityOfPage\":{\"@id\":\"https:\\\/\\\/bstgroupab.com\\\/sv\\\/larm-och-teletjanst-ab-blir-en-del-av-bst-group\\\/\"},\"wordCount\":316,\"publisher\":{\"@id\":\"https:\\\/\\\/bstgroupab.com\\\/sv\\\/#organization\"},\"image\":{\"@id\":\"https:\\\/\\\/bstgroupab.com\\\/sv\\\/larm-och-teletjanst-ab-blir-en-del-av-bst-group\\\/#primaryimage\"},\"thumbnailUrl\":\"https:\\\/\\\/bstgroupab.com\\\/wp-content\\\/uploads\\\/2023\\\/06\\\/herex_larmtele.jpg\",\"articleSection\":[\"F\u00f6rv\u00e4rv\"],\"inLanguage\":\"sv-SE\"},{\"@type\":\"WebPage\",\"@id\":\"https:\\\/\\\/bstgroupab.com\\\/sv\\\/larm-och-teletjanst-ab-blir-en-del-av-bst-group\\\/\",\"url\":\"https:\\\/\\\/bstgroupab.com\\\/sv\\\/larm-och-teletjanst-ab-blir-en-del-av-bst-group\\\/\",\"name\":\"Larm och Teletj\u00e4nst AB blir en del av BST Group - BST Group\",\"isPartOf\":{\"@id\":\"https:\\\/\\\/bstgroupab.com\\\/sv\\\/#website\"},\"primaryImageOfPage\":{\"@id\":\"https:\\\/\\\/bstgroupab.com\\\/sv\\\/larm-och-teletjanst-ab-blir-en-del-av-bst-group\\\/#primaryimage\"},\"image\":{\"@id\":\"https:\\\/\\\/bstgroupab.com\\\/sv\\\/larm-och-teletjanst-ab-blir-en-del-av-bst-group\\\/#primaryimage\"},\"thumbnailUrl\":\"https:\\\/\\\/bstgroupab.com\\\/wp-content\\\/uploads\\\/2023\\\/06\\\/herex_larmtele.jpg\",\"datePublished\":\"2022-11-15T11:05:00+00:00\",\"dateModified\":\"2024-02-26T14:42:27+00:00\",\"breadcrumb\":{\"@id\":\"https:\\\/\\\/bstgroupab.com\\\/sv\\\/larm-och-teletjanst-ab-blir-en-del-av-bst-group\\\/#breadcrumb\"},\"inLanguage\":\"sv-SE\",\"potentialAction\":[{\"@type\":\"ReadAction\",\"target\":[\"https:\\\/\\\/bstgroupab.com\\\/sv\\\/larm-och-teletjanst-ab-blir-en-del-av-bst-group\\\/\"]}]},{\"@type\":\"ImageObject\",\"inLanguage\":\"sv-SE\",\"@id\":\"https:\\\/\\\/bstgroupab.com\\\/sv\\\/larm-och-teletjanst-ab-blir-en-del-av-bst-group\\\/#primaryimage\",\"url\":\"https:\\\/\\\/bstgroupab.com\\\/wp-content\\\/uploads\\\/2023\\\/06\\\/herex_larmtele.jpg\",\"contentUrl\":\"https:\\\/\\\/bstgroupab.com\\\/wp-content\\\/uploads\\\/2023\\\/06\\\/herex_larmtele.jpg\",\"width\":1600,\"height\":1120},{\"@type\":\"BreadcrumbList\",\"@id\":\"https:\\\/\\\/bstgroupab.com\\\/sv\\\/larm-och-teletjanst-ab-blir-en-del-av-bst-group\\\/#breadcrumb\",\"itemListElement\":[{\"@type\":\"ListItem\",\"position\":1,\"name\":\"Home\",\"item\":\"https:\\\/\\\/bstgroupab.com\\\/sv\\\/\"},{\"@type\":\"ListItem\",\"position\":2,\"name\":\"Larm och Teletj\u00e4nst AB blir en del av BST Group\"}]},{\"@type\":\"WebSite\",\"@id\":\"https:\\\/\\\/bstgroupab.com\\\/sv\\\/#website\",\"url\":\"https:\\\/\\\/bstgroupab.com\\\/sv\\\/\",\"name\":\"BST Group\",\"description\":\"Vi m\u00f6jligg\u00f6r morgondagens brandskydd\",\"publisher\":{\"@id\":\"https:\\\/\\\/bstgroupab.com\\\/sv\\\/#organization\"},\"potentialAction\":[{\"@type\":\"SearchAction\",\"target\":{\"@type\":\"EntryPoint\",\"urlTemplate\":\"https:\\\/\\\/bstgroupab.com\\\/sv\\\/?s={search_term_string}\"},\"query-input\":{\"@type\":\"PropertyValueSpecification\",\"valueRequired\":true,\"valueName\":\"search_term_string\"}}],\"inLanguage\":\"sv-SE\"},{\"@type\":\"Organization\",\"@id\":\"https:\\\/\\\/bstgroupab.com\\\/sv\\\/#organization\",\"name\":\"BST Group\",\"url\":\"https:\\\/\\\/bstgroupab.com\\\/sv\\\/\",\"logo\":{\"@type\":\"ImageObject\",\"inLanguage\":\"sv-SE\",\"@id\":\"https:\\\/\\\/bstgroupab.com\\\/sv\\\/#\\\/schema\\\/logo\\\/image\\\/\",\"url\":\"https:\\\/\\\/bstgroupab.com\\\/wp-content\\\/uploads\\\/2023\\\/11\\\/BST-group.svg\",\"contentUrl\":\"https:\\\/\\\/bstgroupab.com\\\/wp-content\\\/uploads\\\/2023\\\/11\\\/BST-group.svg\",\"caption\":\"BST Group\"},\"image\":{\"@id\":\"https:\\\/\\\/bstgroupab.com\\\/sv\\\/#\\\/schema\\\/logo\\\/image\\\/\"}},{\"@type\":\"Person\",\"@id\":\"https:\\\/\\\/bstgroupab.com\\\/sv\\\/#\\\/schema\\\/person\\\/f0728fe3af73648d0399ffdfc9505916\",\"name\":\"Old_User\",\"image\":{\"@type\":\"ImageObject\",\"inLanguage\":\"sv-SE\",\"@id\":\"https:\\\/\\\/secure.gravatar.com\\\/avatar\\\/f5e8bc624f77c9849c2a51ef3f191570742006f866ec5d69dd74666c0b271680?s=96&d=mm&r=g\",\"url\":\"https:\\\/\\\/secure.gravatar.com\\\/avatar\\\/f5e8bc624f77c9849c2a51ef3f191570742006f866ec5d69dd74666c0b271680?s=96&d=mm&r=g\",\"contentUrl\":\"https:\\\/\\\/secure.gravatar.com\\\/avatar\\\/f5e8bc624f77c9849c2a51ef3f191570742006f866ec5d69dd74666c0b271680?s=96&d=mm&r=g\",\"caption\":\"Old_User\"},\"sameAs\":[\"https:\\\/\\\/bstgroupab.com\"]}]}<\/script>\n<!-- \/ Yoast SEO plugin. -->","yoast_head_json":{"title":"Larm och Teletj\u00e4nst AB blir en del av BST Group - BST Group","robots":{"index":"index","follow":"follow","max-snippet":"max-snippet:-1","max-image-preview":"max-image-preview:large","max-video-preview":"max-video-preview:-1"},"canonical":"https:\/\/bstgroupab.com\/sv\/larm-och-teletjanst-ab-blir-en-del-av-bst-group\/","og_locale":"sv_SE","og_type":"article","og_title":"Larm och Teletj\u00e4nst AB blir en del av BST Group - BST Group","og_description":"BST Group har f\u00f6rv\u00e4rvat brandlarmsentrepren\u00f6ren Larm och Teletj\u00e4nst AB vilka avsev\u00e4rt f\u00f6rst\u00e4rker gruppens ambitioner inom brandlarm och service.","og_url":"https:\/\/bstgroupab.com\/sv\/larm-och-teletjanst-ab-blir-en-del-av-bst-group\/","og_site_name":"BST Group","article_published_time":"2022-11-15T11:05:00+00:00","article_modified_time":"2024-02-26T14:42:27+00:00","og_image":[{"width":1600,"height":1120,"url":"https:\/\/bstgroupab.com\/wp-content\/uploads\/2023\/06\/herex_larmtele.jpg","type":"image\/jpeg"}],"author":"Old_User","twitter_card":"summary_large_image","twitter_misc":{"Skriven av":"Old_User"},"schema":{"@context":"https:\/\/schema.org","@graph":[{"@type":"Article","@id":"https:\/\/bstgroupab.com\/sv\/larm-och-teletjanst-ab-blir-en-del-av-bst-group\/#article","isPartOf":{"@id":"https:\/\/bstgroupab.com\/sv\/larm-och-teletjanst-ab-blir-en-del-av-bst-group\/"},"author":{"name":"Old_User","@id":"https:\/\/bstgroupab.com\/sv\/#\/schema\/person\/f0728fe3af73648d0399ffdfc9505916"},"headline":"Larm och Teletj\u00e4nst AB blir en del av BST Group","datePublished":"2022-11-15T11:05:00+00:00","dateModified":"2024-02-26T14:42:27+00:00","mainEntityOfPage":{"@id":"https:\/\/bstgroupab.com\/sv\/larm-och-teletjanst-ab-blir-en-del-av-bst-group\/"},"wordCount":316,"publisher":{"@id":"https:\/\/bstgroupab.com\/sv\/#organization"},"image":{"@id":"https:\/\/bstgroupab.com\/sv\/larm-och-teletjanst-ab-blir-en-del-av-bst-group\/#primaryimage"},"thumbnailUrl":"https:\/\/bstgroupab.com\/wp-content\/uploads\/2023\/06\/herex_larmtele.jpg","articleSection":["F\u00f6rv\u00e4rv"],"inLanguage":"sv-SE"},{"@type":"WebPage","@id":"https:\/\/bstgroupab.com\/sv\/larm-och-teletjanst-ab-blir-en-del-av-bst-group\/","url":"https:\/\/bstgroupab.com\/sv\/larm-och-teletjanst-ab-blir-en-del-av-bst-group\/","name":"Larm och Teletj\u00e4nst AB blir en del av BST Group - BST Group","isPartOf":{"@id":"https:\/\/bstgroupab.com\/sv\/#website"},"primaryImageOfPage":{"@id":"https:\/\/bstgroupab.com\/sv\/larm-och-teletjanst-ab-blir-en-del-av-bst-group\/#primaryimage"},"image":{"@id":"https:\/\/bstgroupab.com\/sv\/larm-och-teletjanst-ab-blir-en-del-av-bst-group\/#primaryimage"},"thumbnailUrl":"https:\/\/bstgroupab.com\/wp-content\/uploads\/2023\/06\/herex_larmtele.jpg","datePublished":"2022-11-15T11:05:00+00:00","dateModified":"2024-02-26T14:42:27+00:00","breadcrumb":{"@id":"https:\/\/bstgroupab.com\/sv\/larm-och-teletjanst-ab-blir-en-del-av-bst-group\/#breadcrumb"},"inLanguage":"sv-SE","potentialAction":[{"@type":"ReadAction","target":["https:\/\/bstgroupab.com\/sv\/larm-och-teletjanst-ab-blir-en-del-av-bst-group\/"]}]},{"@type":"ImageObject","inLanguage":"sv-SE","@id":"https:\/\/bstgroupab.com\/sv\/larm-och-teletjanst-ab-blir-en-del-av-bst-group\/#primaryimage","url":"https:\/\/bstgroupab.com\/wp-content\/uploads\/2023\/06\/herex_larmtele.jpg","contentUrl":"https:\/\/bstgroupab.com\/wp-content\/uploads\/2023\/06\/herex_larmtele.jpg","width":1600,"height":1120},{"@type":"BreadcrumbList","@id":"https:\/\/bstgroupab.com\/sv\/larm-och-teletjanst-ab-blir-en-del-av-bst-group\/#breadcrumb","itemListElement":[{"@type":"ListItem","position":1,"name":"Home","item":"https:\/\/bstgroupab.com\/sv\/"},{"@type":"ListItem","position":2,"name":"Larm och Teletj\u00e4nst AB blir en del av BST Group"}]},{"@type":"WebSite","@id":"https:\/\/bstgroupab.com\/sv\/#website","url":"https:\/\/bstgroupab.com\/sv\/","name":"BST Group","description":"Vi m\u00f6jligg\u00f6r morgondagens brandskydd","publisher":{"@id":"https:\/\/bstgroupab.com\/sv\/#organization"},"potentialAction":[{"@type":"SearchAction","target":{"@type":"EntryPoint","urlTemplate":"https:\/\/bstgroupab.com\/sv\/?s={search_term_string}"},"query-input":{"@type":"PropertyValueSpecification","valueRequired":true,"valueName":"search_term_string"}}],"inLanguage":"sv-SE"},{"@type":"Organization","@id":"https:\/\/bstgroupab.com\/sv\/#organization","name":"BST Group","url":"https:\/\/bstgroupab.com\/sv\/","logo":{"@type":"ImageObject","inLanguage":"sv-SE","@id":"https:\/\/bstgroupab.com\/sv\/#\/schema\/logo\/image\/","url":"https:\/\/bstgroupab.com\/wp-content\/uploads\/2023\/11\/BST-group.svg","contentUrl":"https:\/\/bstgroupab.com\/wp-content\/uploads\/2023\/11\/BST-group.svg","caption":"BST Group"},"image":{"@id":"https:\/\/bstgroupab.com\/sv\/#\/schema\/logo\/image\/"}},{"@type":"Person","@id":"https:\/\/bstgroupab.com\/sv\/#\/schema\/person\/f0728fe3af73648d0399ffdfc9505916","name":"Old_User","image":{"@type":"ImageObject","inLanguage":"sv-SE","@id":"https:\/\/secure.gravatar.com\/avatar\/f5e8bc624f77c9849c2a51ef3f191570742006f866ec5d69dd74666c0b271680?s=96&d=mm&r=g","url":"https:\/\/secure.gravatar.com\/avatar\/f5e8bc624f77c9849c2a51ef3f191570742006f866ec5d69dd74666c0b271680?s=96&d=mm&r=g","contentUrl":"https:\/\/secure.gravatar.com\/avatar\/f5e8bc624f77c9849c2a51ef3f191570742006f866ec5d69dd74666c0b271680?s=96&d=mm&r=g","caption":"Old_User"},"sameAs":["https:\/\/bstgroupab.com"]}]}},"_links":{"self":[{"href":"https:\/\/bstgroupab.com\/sv\/wp-json\/wp\/v2\/posts\/5765","targetHints":{"allow":["GET"]}}],"collection":[{"href":"https:\/\/bstgroupab.com\/sv\/wp-json\/wp\/v2\/posts"}],"about":[{"href":"https:\/\/bstgroupab.com\/sv\/wp-json\/wp\/v2\/types\/post"}],"author":[{"embeddable":true,"href":"https:\/\/bstgroupab.com\/sv\/wp-json\/wp\/v2\/users\/1"}],"replies":[{"embeddable":true,"href":"https:\/\/bstgroupab.com\/sv\/wp-json\/wp\/v2\/comments?post=5765"}],"version-history":[{"count":1,"href":"https:\/\/bstgroupab.com\/sv\/wp-json\/wp\/v2\/posts\/5765\/revisions"}],"predecessor-version":[{"id":8688,"href":"https:\/\/bstgroupab.com\/sv\/wp-json\/wp\/v2\/posts\/5765\/revisions\/8688"}],"wp:featuredmedia":[{"embeddable":true,"href":"https:\/\/bstgroupab.com\/sv\/wp-json\/wp\/v2\/media\/7634"}],"wp:attachment":[{"href":"https:\/\/bstgroupab.com\/sv\/wp-json\/wp\/v2\/media?parent=5765"}],"wp:term":[{"taxonomy":"category","embeddable":true,"href":"https:\/\/bstgroupab.com\/sv\/wp-json\/wp\/v2\/categories?post=5765"},{"taxonomy":"post_tag","embeddable":true,"href":"https:\/\/bstgroupab.com\/sv\/wp-json\/wp\/v2\/tags?post=5765"}],"curies":[{"name":"wp","href":"https:\/\/api.w.org\/{rel}","templated":true}]}}