{"id":6776,"date":"2021-11-08T15:09:00","date_gmt":"2021-11-08T14:09:00","guid":{"rendered":"https:\/\/herexgroup.com\/?p=6776"},"modified":"2024-03-01T11:02:45","modified_gmt":"2024-03-01T10:02:45","slug":"norvestor-blir-ny-huvudagare-till-bst-group","status":"publish","type":"post","link":"https:\/\/bstgroupab.com\/sv\/norvestor-blir-ny-huvudagare-till-bst-group\/","title":{"rendered":"Norvestor blir ny huvud\u00e4gare till BST Group"},"content":{"rendered":"\n<p><strong>Nu st\u00e5r det klart att private equity-bolaget Norvestor blir ny majoritets\u00e4gare i BST Group. D\u00e4rmed s\u00e4ljer den tidigare \u00e4garen IK Partners, som har varit huvud\u00e4gare sedan v\u00e5ren 2019, sitt innehav.<\/strong><\/p>\n\n\n\n<p><a href=\"http:\/\/norvestor.com\">Norvestor<\/a> \u00e4r ett nordiskt private equity-f\u00f6retag som har, sedan snart 30 \u00e5r, investerat i medelstora f\u00f6retag vars potential \u00e4r att uppn\u00e5 en marknadsledande nordisk eller internationell position. M\u00e5let med investeringarna \u00e4r att st\u00f6tta f\u00f6retagens tillv\u00e4xt bland annat genom etablering p\u00e5 nya geografiska marknader, vilket normalt genomf\u00f6rs b\u00e5de genom f\u00f6rv\u00e4rv och organiska initiativ.<\/p>\n\n\n\n<p>\u2013 Jag \u00e4r mycket glad \u00f6ver att se Norvestor som en partner f\u00f6r fortsatt tillv\u00e4xt. Norvestor tillf\u00f6r v\u00e4rdefull erfarenhet fr\u00e5n sin l\u00e5nga bakgrund att bygga nordiska f\u00f6retagsgrupper vilket st\u00e4mmer v\u00e4l \u00f6verens med v\u00e5ra ambitioner f\u00f6r BST Group. Tillv\u00e4xten de senaste \u00e5ren tillsammans med IK Partners har varit mycket god och vi har lyckats bredda tj\u00e4nste\u00adutbudet inom brandskydd. Vi har nu ett bra utg\u00e5ngsl\u00e4ge f\u00f6r vidare expansion och \u00e4r redo att ta n\u00e4sta steg i utvecklingen av BST Group, s\u00e4ger Peter B\u00fchler, CEO BST Group.<\/p>\n\n\n\n<p>\u2013 BST Group passar bra med Norvestors erfarenhet av att st\u00f6dja service- och tj\u00e4nstef\u00f6retag med stark drivkraft och ambiti\u00f6sa tillv\u00e4xtplaner. P\u00e5 Norvestor \u00e4r vi v\u00e4l positionerade f\u00f6r att dra nytta av v\u00e5r erfarenhet fr\u00e5n decentraliserade aff\u00e4rsmodeller och digitalisering av tj\u00e4nstef\u00f6retag. P\u00e5 s\u00e5 s\u00e4tt kan vi se till att BST Group kan forts\u00e4tta tillhandah\u00e5lla sina f\u00f6rstklassiga tj\u00e4nster som skyddar m\u00e4nniskor, samh\u00e4llen och dess vitala funktioner, s\u00e4ger Fredrik Korterud, partner Norvestor Advisory.<\/p>\n\n\n\n<p>Transaktionen f\u00f6rv\u00e4ntas slutf\u00f6ras f\u00f6re \u00e5rsskiftet och Norvestor blir i och med det den st\u00f6rsta aktieinnehavaren i BST Group.<\/p>\n\n\n\n<p><strong>Har du n\u00e5gra fr\u00e5gor eller vill veta mer om aff\u00e4ren? Kontakta:<\/strong><\/p>\n\n\n\n<p>Peter B\u00fchler, CEO BST Group<br><a href=\"mailto:peter.buhler@bstgroupab.com\">peter.buhler@bstgroupab.com<\/a><br>+46 76 001 01 51<\/p>\n\n\n\n<p>Fredrik Korterud, Partner Norvestor Advisory<br><a href=\"mailto:fredrik.korterud@norvestor.com\">fredrik.korterud@norvestor.com<\/a><br>+47 402 11 402<\/p>\n","protected":false},"excerpt":{"rendered":"<p>Nu st\u00e5r det klart att private equity-bolaget Norvestor blir ny majoritets\u00e4gare i BST Group.<\/p>\n","protected":false},"author":1,"featured_media":7516,"comment_status":"closed","ping_status":"closed","sticky":true,"template":"","format":"standard","meta":{"footnotes":""},"categories":[117],"tags":[],"class_list":["post-6776","post","type-post","status-publish","format-standard","has-post-thumbnail","hentry","category-nyhet"],"yoast_head":"<!-- This site is optimized with the Yoast SEO plugin v27.4 - https:\/\/yoast.com\/product\/yoast-seo-wordpress\/ -->\n<title>Norvestor blir ny huvud\u00e4gare till BST Group - BST Group<\/title>\n<meta name=\"description\" content=\"Nu st\u00e5r det klart att private equity-bolaget Norvestor blir ny majoritets\u00e4gare i BST Group.\" \/>\n<meta name=\"robots\" content=\"index, follow, max-snippet:-1, max-image-preview:large, max-video-preview:-1\" \/>\n<link rel=\"canonical\" href=\"https:\/\/bstgroupab.com\/sv\/norvestor-blir-ny-huvudagare-till-bst-group\/\" \/>\n<meta property=\"og:locale\" content=\"sv_SE\" \/>\n<meta property=\"og:type\" content=\"article\" \/>\n<meta property=\"og:title\" content=\"Norvestor blir ny huvud\u00e4gare till BST Group - BST Group\" \/>\n<meta property=\"og:description\" content=\"Nu st\u00e5r det klart att private equity-bolaget Norvestor blir ny majoritets\u00e4gare i BST Group.\" \/>\n<meta property=\"og:url\" content=\"https:\/\/bstgroupab.com\/sv\/norvestor-blir-ny-huvudagare-till-bst-group\/\" \/>\n<meta property=\"og:site_name\" content=\"BST Group\" \/>\n<meta property=\"article:published_time\" content=\"2021-11-08T14:09:00+00:00\" \/>\n<meta property=\"article:modified_time\" content=\"2024-03-01T10:02:45+00:00\" \/>\n<meta property=\"og:image\" content=\"https:\/\/bstgroupab.com\/wp-content\/uploads\/2023\/04\/Norvestor-Herex.jpg\" \/>\n\t<meta property=\"og:image:width\" content=\"1600\" \/>\n\t<meta property=\"og:image:height\" content=\"1120\" \/>\n\t<meta property=\"og:image:type\" content=\"image\/jpeg\" \/>\n<meta name=\"author\" content=\"Old_User\" \/>\n<meta name=\"twitter:card\" content=\"summary_large_image\" \/>\n<meta name=\"twitter:label1\" content=\"Skriven av\" \/>\n\t<meta name=\"twitter:data1\" content=\"Old_User\" \/>\n\t<meta name=\"twitter:label2\" content=\"Ber\u00e4knad l\u00e4stid\" \/>\n\t<meta name=\"twitter:data2\" content=\"2 minuter\" \/>\n<script type=\"application\/ld+json\" class=\"yoast-schema-graph\">{\"@context\":\"https:\\\/\\\/schema.org\",\"@graph\":[{\"@type\":\"Article\",\"@id\":\"https:\\\/\\\/bstgroupab.com\\\/sv\\\/norvestor-blir-ny-huvudagare-till-bst-group\\\/#article\",\"isPartOf\":{\"@id\":\"https:\\\/\\\/bstgroupab.com\\\/sv\\\/norvestor-blir-ny-huvudagare-till-bst-group\\\/\"},\"author\":{\"name\":\"Old_User\",\"@id\":\"https:\\\/\\\/bstgroupab.com\\\/sv\\\/#\\\/schema\\\/person\\\/f0728fe3af73648d0399ffdfc9505916\"},\"headline\":\"Norvestor blir ny huvud\u00e4gare till BST Group\",\"datePublished\":\"2021-11-08T14:09:00+00:00\",\"dateModified\":\"2024-03-01T10:02:45+00:00\",\"mainEntityOfPage\":{\"@id\":\"https:\\\/\\\/bstgroupab.com\\\/sv\\\/norvestor-blir-ny-huvudagare-till-bst-group\\\/\"},\"wordCount\":352,\"publisher\":{\"@id\":\"https:\\\/\\\/bstgroupab.com\\\/sv\\\/#organization\"},\"image\":{\"@id\":\"https:\\\/\\\/bstgroupab.com\\\/sv\\\/norvestor-blir-ny-huvudagare-till-bst-group\\\/#primaryimage\"},\"thumbnailUrl\":\"https:\\\/\\\/bstgroupab.com\\\/wp-content\\\/uploads\\\/2023\\\/04\\\/Norvestor-Herex.jpg\",\"articleSection\":[\"Nyhet\"],\"inLanguage\":\"sv-SE\"},{\"@type\":\"WebPage\",\"@id\":\"https:\\\/\\\/bstgroupab.com\\\/sv\\\/norvestor-blir-ny-huvudagare-till-bst-group\\\/\",\"url\":\"https:\\\/\\\/bstgroupab.com\\\/sv\\\/norvestor-blir-ny-huvudagare-till-bst-group\\\/\",\"name\":\"Norvestor blir ny huvud\u00e4gare till BST Group - BST Group\",\"isPartOf\":{\"@id\":\"https:\\\/\\\/bstgroupab.com\\\/sv\\\/#website\"},\"primaryImageOfPage\":{\"@id\":\"https:\\\/\\\/bstgroupab.com\\\/sv\\\/norvestor-blir-ny-huvudagare-till-bst-group\\\/#primaryimage\"},\"image\":{\"@id\":\"https:\\\/\\\/bstgroupab.com\\\/sv\\\/norvestor-blir-ny-huvudagare-till-bst-group\\\/#primaryimage\"},\"thumbnailUrl\":\"https:\\\/\\\/bstgroupab.com\\\/wp-content\\\/uploads\\\/2023\\\/04\\\/Norvestor-Herex.jpg\",\"datePublished\":\"2021-11-08T14:09:00+00:00\",\"dateModified\":\"2024-03-01T10:02:45+00:00\",\"description\":\"Nu st\u00e5r det klart att private equity-bolaget Norvestor blir ny majoritets\u00e4gare i BST Group.\",\"breadcrumb\":{\"@id\":\"https:\\\/\\\/bstgroupab.com\\\/sv\\\/norvestor-blir-ny-huvudagare-till-bst-group\\\/#breadcrumb\"},\"inLanguage\":\"sv-SE\",\"potentialAction\":[{\"@type\":\"ReadAction\",\"target\":[\"https:\\\/\\\/bstgroupab.com\\\/sv\\\/norvestor-blir-ny-huvudagare-till-bst-group\\\/\"]}]},{\"@type\":\"ImageObject\",\"inLanguage\":\"sv-SE\",\"@id\":\"https:\\\/\\\/bstgroupab.com\\\/sv\\\/norvestor-blir-ny-huvudagare-till-bst-group\\\/#primaryimage\",\"url\":\"https:\\\/\\\/bstgroupab.com\\\/wp-content\\\/uploads\\\/2023\\\/04\\\/Norvestor-Herex.jpg\",\"contentUrl\":\"https:\\\/\\\/bstgroupab.com\\\/wp-content\\\/uploads\\\/2023\\\/04\\\/Norvestor-Herex.jpg\",\"width\":1600,\"height\":1120},{\"@type\":\"BreadcrumbList\",\"@id\":\"https:\\\/\\\/bstgroupab.com\\\/sv\\\/norvestor-blir-ny-huvudagare-till-bst-group\\\/#breadcrumb\",\"itemListElement\":[{\"@type\":\"ListItem\",\"position\":1,\"name\":\"Home\",\"item\":\"https:\\\/\\\/bstgroupab.com\\\/sv\\\/\"},{\"@type\":\"ListItem\",\"position\":2,\"name\":\"Norvestor blir ny huvud\u00e4gare till BST Group\"}]},{\"@type\":\"WebSite\",\"@id\":\"https:\\\/\\\/bstgroupab.com\\\/sv\\\/#website\",\"url\":\"https:\\\/\\\/bstgroupab.com\\\/sv\\\/\",\"name\":\"BST Group\",\"description\":\"Vi m\u00f6jligg\u00f6r morgondagens brandskydd\",\"publisher\":{\"@id\":\"https:\\\/\\\/bstgroupab.com\\\/sv\\\/#organization\"},\"potentialAction\":[{\"@type\":\"SearchAction\",\"target\":{\"@type\":\"EntryPoint\",\"urlTemplate\":\"https:\\\/\\\/bstgroupab.com\\\/sv\\\/?s={search_term_string}\"},\"query-input\":{\"@type\":\"PropertyValueSpecification\",\"valueRequired\":true,\"valueName\":\"search_term_string\"}}],\"inLanguage\":\"sv-SE\"},{\"@type\":\"Organization\",\"@id\":\"https:\\\/\\\/bstgroupab.com\\\/sv\\\/#organization\",\"name\":\"BST Group\",\"url\":\"https:\\\/\\\/bstgroupab.com\\\/sv\\\/\",\"logo\":{\"@type\":\"ImageObject\",\"inLanguage\":\"sv-SE\",\"@id\":\"https:\\\/\\\/bstgroupab.com\\\/sv\\\/#\\\/schema\\\/logo\\\/image\\\/\",\"url\":\"https:\\\/\\\/bstgroupab.com\\\/wp-content\\\/uploads\\\/2023\\\/11\\\/BST-group.svg\",\"contentUrl\":\"https:\\\/\\\/bstgroupab.com\\\/wp-content\\\/uploads\\\/2023\\\/11\\\/BST-group.svg\",\"caption\":\"BST Group\"},\"image\":{\"@id\":\"https:\\\/\\\/bstgroupab.com\\\/sv\\\/#\\\/schema\\\/logo\\\/image\\\/\"}},{\"@type\":\"Person\",\"@id\":\"https:\\\/\\\/bstgroupab.com\\\/sv\\\/#\\\/schema\\\/person\\\/f0728fe3af73648d0399ffdfc9505916\",\"name\":\"Old_User\",\"image\":{\"@type\":\"ImageObject\",\"inLanguage\":\"sv-SE\",\"@id\":\"https:\\\/\\\/secure.gravatar.com\\\/avatar\\\/f5e8bc624f77c9849c2a51ef3f191570742006f866ec5d69dd74666c0b271680?s=96&d=mm&r=g\",\"url\":\"https:\\\/\\\/secure.gravatar.com\\\/avatar\\\/f5e8bc624f77c9849c2a51ef3f191570742006f866ec5d69dd74666c0b271680?s=96&d=mm&r=g\",\"contentUrl\":\"https:\\\/\\\/secure.gravatar.com\\\/avatar\\\/f5e8bc624f77c9849c2a51ef3f191570742006f866ec5d69dd74666c0b271680?s=96&d=mm&r=g\",\"caption\":\"Old_User\"},\"sameAs\":[\"https:\\\/\\\/bstgroupab.com\"]}]}<\/script>\n<!-- \/ Yoast SEO plugin. -->","yoast_head_json":{"title":"Norvestor blir ny huvud\u00e4gare till BST Group - BST Group","description":"Nu st\u00e5r det klart att private equity-bolaget Norvestor blir ny majoritets\u00e4gare i BST Group.","robots":{"index":"index","follow":"follow","max-snippet":"max-snippet:-1","max-image-preview":"max-image-preview:large","max-video-preview":"max-video-preview:-1"},"canonical":"https:\/\/bstgroupab.com\/sv\/norvestor-blir-ny-huvudagare-till-bst-group\/","og_locale":"sv_SE","og_type":"article","og_title":"Norvestor blir ny huvud\u00e4gare till BST Group - BST Group","og_description":"Nu st\u00e5r det klart att private equity-bolaget Norvestor blir ny majoritets\u00e4gare i BST Group.","og_url":"https:\/\/bstgroupab.com\/sv\/norvestor-blir-ny-huvudagare-till-bst-group\/","og_site_name":"BST Group","article_published_time":"2021-11-08T14:09:00+00:00","article_modified_time":"2024-03-01T10:02:45+00:00","og_image":[{"width":1600,"height":1120,"url":"https:\/\/bstgroupab.com\/wp-content\/uploads\/2023\/04\/Norvestor-Herex.jpg","type":"image\/jpeg"}],"author":"Old_User","twitter_card":"summary_large_image","twitter_misc":{"Skriven av":"Old_User","Ber\u00e4knad l\u00e4stid":"2 minuter"},"schema":{"@context":"https:\/\/schema.org","@graph":[{"@type":"Article","@id":"https:\/\/bstgroupab.com\/sv\/norvestor-blir-ny-huvudagare-till-bst-group\/#article","isPartOf":{"@id":"https:\/\/bstgroupab.com\/sv\/norvestor-blir-ny-huvudagare-till-bst-group\/"},"author":{"name":"Old_User","@id":"https:\/\/bstgroupab.com\/sv\/#\/schema\/person\/f0728fe3af73648d0399ffdfc9505916"},"headline":"Norvestor blir ny huvud\u00e4gare till BST Group","datePublished":"2021-11-08T14:09:00+00:00","dateModified":"2024-03-01T10:02:45+00:00","mainEntityOfPage":{"@id":"https:\/\/bstgroupab.com\/sv\/norvestor-blir-ny-huvudagare-till-bst-group\/"},"wordCount":352,"publisher":{"@id":"https:\/\/bstgroupab.com\/sv\/#organization"},"image":{"@id":"https:\/\/bstgroupab.com\/sv\/norvestor-blir-ny-huvudagare-till-bst-group\/#primaryimage"},"thumbnailUrl":"https:\/\/bstgroupab.com\/wp-content\/uploads\/2023\/04\/Norvestor-Herex.jpg","articleSection":["Nyhet"],"inLanguage":"sv-SE"},{"@type":"WebPage","@id":"https:\/\/bstgroupab.com\/sv\/norvestor-blir-ny-huvudagare-till-bst-group\/","url":"https:\/\/bstgroupab.com\/sv\/norvestor-blir-ny-huvudagare-till-bst-group\/","name":"Norvestor blir ny huvud\u00e4gare till BST Group - BST Group","isPartOf":{"@id":"https:\/\/bstgroupab.com\/sv\/#website"},"primaryImageOfPage":{"@id":"https:\/\/bstgroupab.com\/sv\/norvestor-blir-ny-huvudagare-till-bst-group\/#primaryimage"},"image":{"@id":"https:\/\/bstgroupab.com\/sv\/norvestor-blir-ny-huvudagare-till-bst-group\/#primaryimage"},"thumbnailUrl":"https:\/\/bstgroupab.com\/wp-content\/uploads\/2023\/04\/Norvestor-Herex.jpg","datePublished":"2021-11-08T14:09:00+00:00","dateModified":"2024-03-01T10:02:45+00:00","description":"Nu st\u00e5r det klart att private equity-bolaget Norvestor blir ny majoritets\u00e4gare i BST Group.","breadcrumb":{"@id":"https:\/\/bstgroupab.com\/sv\/norvestor-blir-ny-huvudagare-till-bst-group\/#breadcrumb"},"inLanguage":"sv-SE","potentialAction":[{"@type":"ReadAction","target":["https:\/\/bstgroupab.com\/sv\/norvestor-blir-ny-huvudagare-till-bst-group\/"]}]},{"@type":"ImageObject","inLanguage":"sv-SE","@id":"https:\/\/bstgroupab.com\/sv\/norvestor-blir-ny-huvudagare-till-bst-group\/#primaryimage","url":"https:\/\/bstgroupab.com\/wp-content\/uploads\/2023\/04\/Norvestor-Herex.jpg","contentUrl":"https:\/\/bstgroupab.com\/wp-content\/uploads\/2023\/04\/Norvestor-Herex.jpg","width":1600,"height":1120},{"@type":"BreadcrumbList","@id":"https:\/\/bstgroupab.com\/sv\/norvestor-blir-ny-huvudagare-till-bst-group\/#breadcrumb","itemListElement":[{"@type":"ListItem","position":1,"name":"Home","item":"https:\/\/bstgroupab.com\/sv\/"},{"@type":"ListItem","position":2,"name":"Norvestor blir ny huvud\u00e4gare till BST Group"}]},{"@type":"WebSite","@id":"https:\/\/bstgroupab.com\/sv\/#website","url":"https:\/\/bstgroupab.com\/sv\/","name":"BST Group","description":"Vi m\u00f6jligg\u00f6r morgondagens brandskydd","publisher":{"@id":"https:\/\/bstgroupab.com\/sv\/#organization"},"potentialAction":[{"@type":"SearchAction","target":{"@type":"EntryPoint","urlTemplate":"https:\/\/bstgroupab.com\/sv\/?s={search_term_string}"},"query-input":{"@type":"PropertyValueSpecification","valueRequired":true,"valueName":"search_term_string"}}],"inLanguage":"sv-SE"},{"@type":"Organization","@id":"https:\/\/bstgroupab.com\/sv\/#organization","name":"BST Group","url":"https:\/\/bstgroupab.com\/sv\/","logo":{"@type":"ImageObject","inLanguage":"sv-SE","@id":"https:\/\/bstgroupab.com\/sv\/#\/schema\/logo\/image\/","url":"https:\/\/bstgroupab.com\/wp-content\/uploads\/2023\/11\/BST-group.svg","contentUrl":"https:\/\/bstgroupab.com\/wp-content\/uploads\/2023\/11\/BST-group.svg","caption":"BST Group"},"image":{"@id":"https:\/\/bstgroupab.com\/sv\/#\/schema\/logo\/image\/"}},{"@type":"Person","@id":"https:\/\/bstgroupab.com\/sv\/#\/schema\/person\/f0728fe3af73648d0399ffdfc9505916","name":"Old_User","image":{"@type":"ImageObject","inLanguage":"sv-SE","@id":"https:\/\/secure.gravatar.com\/avatar\/f5e8bc624f77c9849c2a51ef3f191570742006f866ec5d69dd74666c0b271680?s=96&d=mm&r=g","url":"https:\/\/secure.gravatar.com\/avatar\/f5e8bc624f77c9849c2a51ef3f191570742006f866ec5d69dd74666c0b271680?s=96&d=mm&r=g","contentUrl":"https:\/\/secure.gravatar.com\/avatar\/f5e8bc624f77c9849c2a51ef3f191570742006f866ec5d69dd74666c0b271680?s=96&d=mm&r=g","caption":"Old_User"},"sameAs":["https:\/\/bstgroupab.com"]}]}},"_links":{"self":[{"href":"https:\/\/bstgroupab.com\/sv\/wp-json\/wp\/v2\/posts\/6776","targetHints":{"allow":["GET"]}}],"collection":[{"href":"https:\/\/bstgroupab.com\/sv\/wp-json\/wp\/v2\/posts"}],"about":[{"href":"https:\/\/bstgroupab.com\/sv\/wp-json\/wp\/v2\/types\/post"}],"author":[{"embeddable":true,"href":"https:\/\/bstgroupab.com\/sv\/wp-json\/wp\/v2\/users\/1"}],"replies":[{"embeddable":true,"href":"https:\/\/bstgroupab.com\/sv\/wp-json\/wp\/v2\/comments?post=6776"}],"version-history":[{"count":3,"href":"https:\/\/bstgroupab.com\/sv\/wp-json\/wp\/v2\/posts\/6776\/revisions"}],"predecessor-version":[{"id":7519,"href":"https:\/\/bstgroupab.com\/sv\/wp-json\/wp\/v2\/posts\/6776\/revisions\/7519"}],"wp:featuredmedia":[{"embeddable":true,"href":"https:\/\/bstgroupab.com\/sv\/wp-json\/wp\/v2\/media\/7516"}],"wp:attachment":[{"href":"https:\/\/bstgroupab.com\/sv\/wp-json\/wp\/v2\/media?parent=6776"}],"wp:term":[{"taxonomy":"category","embeddable":true,"href":"https:\/\/bstgroupab.com\/sv\/wp-json\/wp\/v2\/categories?post=6776"},{"taxonomy":"post_tag","embeddable":true,"href":"https:\/\/bstgroupab.com\/sv\/wp-json\/wp\/v2\/tags?post=6776"}],"curies":[{"name":"wp","href":"https:\/\/api.w.org\/{rel}","templated":true}]}}