{"id":8650,"date":"2024-02-01T15:00:00","date_gmt":"2024-02-01T14:00:00","guid":{"rendered":"https:\/\/bstgroupab.com\/?p=8650"},"modified":"2024-02-01T15:06:42","modified_gmt":"2024-02-01T14:06:42","slug":"bst-group-utokar-sin-brandkonsultverksamhet-genom-att-brandkonsulten-forvarvar-bisab","status":"publish","type":"post","link":"https:\/\/bstgroupab.com\/sv\/bst-group-utokar-sin-brandkonsultverksamhet-genom-att-brandkonsulten-forvarvar-bisab\/","title":{"rendered":"BST Group ut\u00f6kar sin brandkonsultverksamhet genom att Brandkonsulten f\u00f6rv\u00e4rvar BISAB"},"content":{"rendered":"\n<p>Brandkonsulten AB inledde ett n\u00e4ra samarbete med Invar Svensson och hans f\u00f6retag, Brandingenj\u00f6r Ingvar Svensson AB, \u00e5r 2020. Fr\u00e5n och med den 1 februari har Brandingenj\u00f6r Ingvar Svensson AB integrerats i Brandkonsulten AB:s verksamhet. Ingvar Svensson forts\u00e4tter sin roll som brandkonsult inom Brandkonsulten AB:s organisation och \u00e4r nu placerad p\u00e5 G\u00f6teborgskontoret.<\/p>\n\n\n\n<p>&#8221;Vi p\u00e5 Brandkonsulten AB \u00e4r mycket glada \u00f6ver att Ingvar Svensson forts\u00e4tter sitt arbete som brandkonsult, nu som anst\u00e4lld p\u00e5 Brandkonsulten AB. Med Ingvars omfattande erfarenhet utg\u00f6r han en v\u00e4rdefull tillg\u00e5ng f\u00f6r v\u00e5rt v\u00e4xande G\u00f6teborgskontor. Tillsammans med Ingvar och Anders Wallin har vi utarbetat en modell f\u00f6r hur f\u00f6retag som agerar som underkonsulter kan integreras i Brandkonsulten AB&#8221;, s\u00e4ger Daniel Fridstr\u00f6m, VD p\u00e5 Brandkonsulten AB.<\/p>\n\n\n\n<p>F\u00f6r mer information om aff\u00e4ren uppmanas intressenter att kontakta VD Daniel Fridstr\u00f6m.<\/p>\n\n\n\n<p>Vill du veta mer om aff\u00e4ren? V\u00e4nligen kontakta:<\/p>\n\n\n\n<p>Daniel Fridstr\u00f6m<br>Mail: <a href=\"mailto:daniel.fridstrom@brandkonsulten.se\">daniel.fridstrom@brandkonsulten.se<\/a><br>Tel: <a href=\"tel:0046708889937\">0708-88 99 37<\/a><\/p>\n\n\n\n<p><\/p>\n\n\n\n<ul class=\"wp-block-list\"><\/ul>\n","protected":false},"excerpt":{"rendered":"<p>Fr\u00e5n och med den 1 februari har Brandingenj\u00f6r Ingvar Svensson AB integrerats i Brandkonsulten AB:s verksamhet.<\/p>\n","protected":false},"author":1,"featured_media":8651,"comment_status":"closed","ping_status":"closed","sticky":false,"template":"","format":"standard","meta":{"footnotes":""},"categories":[93],"tags":[],"class_list":["post-8650","post","type-post","status-publish","format-standard","has-post-thumbnail","hentry","category-forvarv"],"yoast_head":"<!-- This site is optimized with the Yoast SEO plugin v27.5 - https:\/\/yoast.com\/product\/yoast-seo-wordpress\/ -->\n<title>BST Group ut\u00f6kar sin brandkonsultverksamhet genom att Brandkonsulten f\u00f6rv\u00e4rvar BISAB - BST Group<\/title>\n<meta name=\"robots\" content=\"index, follow, max-snippet:-1, max-image-preview:large, max-video-preview:-1\" \/>\n<link rel=\"canonical\" href=\"https:\/\/bstgroupab.com\/sv\/bst-group-utokar-sin-brandkonsultverksamhet-genom-att-brandkonsulten-forvarvar-bisab\/\" \/>\n<meta property=\"og:locale\" content=\"sv_SE\" \/>\n<meta property=\"og:type\" content=\"article\" \/>\n<meta property=\"og:title\" content=\"BST Group ut\u00f6kar sin brandkonsultverksamhet genom att Brandkonsulten f\u00f6rv\u00e4rvar BISAB - BST Group\" \/>\n<meta property=\"og:description\" content=\"Fr\u00e5n och med den 1 februari har Brandingenj\u00f6r Ingvar Svensson AB integrerats i Brandkonsulten AB:s verksamhet.\" \/>\n<meta property=\"og:url\" content=\"https:\/\/bstgroupab.com\/sv\/bst-group-utokar-sin-brandkonsultverksamhet-genom-att-brandkonsulten-forvarvar-bisab\/\" \/>\n<meta property=\"og:site_name\" content=\"BST Group\" \/>\n<meta property=\"article:published_time\" content=\"2024-02-01T14:00:00+00:00\" \/>\n<meta property=\"article:modified_time\" content=\"2024-02-01T14:06:42+00:00\" \/>\n<meta property=\"og:image\" content=\"https:\/\/bstgroupab.com\/wp-content\/uploads\/2024\/02\/bisab.jpg\" \/>\n\t<meta property=\"og:image:width\" content=\"1600\" \/>\n\t<meta property=\"og:image:height\" content=\"1120\" \/>\n\t<meta property=\"og:image:type\" content=\"image\/jpeg\" \/>\n<meta name=\"author\" content=\"Old_User\" \/>\n<meta name=\"twitter:card\" content=\"summary_large_image\" \/>\n<meta name=\"twitter:label1\" content=\"Skriven av\" \/>\n\t<meta name=\"twitter:data1\" content=\"Old_User\" \/>\n\t<meta name=\"twitter:label2\" content=\"Ber\u00e4knad l\u00e4stid\" \/>\n\t<meta name=\"twitter:data2\" content=\"1 minut\" \/>\n<script type=\"application\/ld+json\" class=\"yoast-schema-graph\">{\"@context\":\"https:\\\/\\\/schema.org\",\"@graph\":[{\"@type\":\"Article\",\"@id\":\"https:\\\/\\\/bstgroupab.com\\\/sv\\\/bst-group-utokar-sin-brandkonsultverksamhet-genom-att-brandkonsulten-forvarvar-bisab\\\/#article\",\"isPartOf\":{\"@id\":\"https:\\\/\\\/bstgroupab.com\\\/sv\\\/bst-group-utokar-sin-brandkonsultverksamhet-genom-att-brandkonsulten-forvarvar-bisab\\\/\"},\"author\":{\"name\":\"Old_User\",\"@id\":\"https:\\\/\\\/bstgroupab.com\\\/sv\\\/#\\\/schema\\\/person\\\/f0728fe3af73648d0399ffdfc9505916\"},\"headline\":\"BST Group ut\u00f6kar sin brandkonsultverksamhet genom att Brandkonsulten f\u00f6rv\u00e4rvar BISAB\",\"datePublished\":\"2024-02-01T14:00:00+00:00\",\"dateModified\":\"2024-02-01T14:06:42+00:00\",\"mainEntityOfPage\":{\"@id\":\"https:\\\/\\\/bstgroupab.com\\\/sv\\\/bst-group-utokar-sin-brandkonsultverksamhet-genom-att-brandkonsulten-forvarvar-bisab\\\/\"},\"wordCount\":183,\"publisher\":{\"@id\":\"https:\\\/\\\/bstgroupab.com\\\/sv\\\/#organization\"},\"image\":{\"@id\":\"https:\\\/\\\/bstgroupab.com\\\/sv\\\/bst-group-utokar-sin-brandkonsultverksamhet-genom-att-brandkonsulten-forvarvar-bisab\\\/#primaryimage\"},\"thumbnailUrl\":\"https:\\\/\\\/bstgroupab.com\\\/wp-content\\\/uploads\\\/2024\\\/02\\\/bisab.jpg\",\"articleSection\":[\"F\u00f6rv\u00e4rv\"],\"inLanguage\":\"sv-SE\"},{\"@type\":\"WebPage\",\"@id\":\"https:\\\/\\\/bstgroupab.com\\\/sv\\\/bst-group-utokar-sin-brandkonsultverksamhet-genom-att-brandkonsulten-forvarvar-bisab\\\/\",\"url\":\"https:\\\/\\\/bstgroupab.com\\\/sv\\\/bst-group-utokar-sin-brandkonsultverksamhet-genom-att-brandkonsulten-forvarvar-bisab\\\/\",\"name\":\"BST Group ut\u00f6kar sin brandkonsultverksamhet genom att Brandkonsulten f\u00f6rv\u00e4rvar BISAB - BST Group\",\"isPartOf\":{\"@id\":\"https:\\\/\\\/bstgroupab.com\\\/sv\\\/#website\"},\"primaryImageOfPage\":{\"@id\":\"https:\\\/\\\/bstgroupab.com\\\/sv\\\/bst-group-utokar-sin-brandkonsultverksamhet-genom-att-brandkonsulten-forvarvar-bisab\\\/#primaryimage\"},\"image\":{\"@id\":\"https:\\\/\\\/bstgroupab.com\\\/sv\\\/bst-group-utokar-sin-brandkonsultverksamhet-genom-att-brandkonsulten-forvarvar-bisab\\\/#primaryimage\"},\"thumbnailUrl\":\"https:\\\/\\\/bstgroupab.com\\\/wp-content\\\/uploads\\\/2024\\\/02\\\/bisab.jpg\",\"datePublished\":\"2024-02-01T14:00:00+00:00\",\"dateModified\":\"2024-02-01T14:06:42+00:00\",\"breadcrumb\":{\"@id\":\"https:\\\/\\\/bstgroupab.com\\\/sv\\\/bst-group-utokar-sin-brandkonsultverksamhet-genom-att-brandkonsulten-forvarvar-bisab\\\/#breadcrumb\"},\"inLanguage\":\"sv-SE\",\"potentialAction\":[{\"@type\":\"ReadAction\",\"target\":[\"https:\\\/\\\/bstgroupab.com\\\/sv\\\/bst-group-utokar-sin-brandkonsultverksamhet-genom-att-brandkonsulten-forvarvar-bisab\\\/\"]}]},{\"@type\":\"ImageObject\",\"inLanguage\":\"sv-SE\",\"@id\":\"https:\\\/\\\/bstgroupab.com\\\/sv\\\/bst-group-utokar-sin-brandkonsultverksamhet-genom-att-brandkonsulten-forvarvar-bisab\\\/#primaryimage\",\"url\":\"https:\\\/\\\/bstgroupab.com\\\/wp-content\\\/uploads\\\/2024\\\/02\\\/bisab.jpg\",\"contentUrl\":\"https:\\\/\\\/bstgroupab.com\\\/wp-content\\\/uploads\\\/2024\\\/02\\\/bisab.jpg\",\"width\":1600,\"height\":1120},{\"@type\":\"BreadcrumbList\",\"@id\":\"https:\\\/\\\/bstgroupab.com\\\/sv\\\/bst-group-utokar-sin-brandkonsultverksamhet-genom-att-brandkonsulten-forvarvar-bisab\\\/#breadcrumb\",\"itemListElement\":[{\"@type\":\"ListItem\",\"position\":1,\"name\":\"Home\",\"item\":\"https:\\\/\\\/bstgroupab.com\\\/sv\\\/\"},{\"@type\":\"ListItem\",\"position\":2,\"name\":\"BST Group ut\u00f6kar sin brandkonsultverksamhet genom att Brandkonsulten f\u00f6rv\u00e4rvar BISAB\"}]},{\"@type\":\"WebSite\",\"@id\":\"https:\\\/\\\/bstgroupab.com\\\/sv\\\/#website\",\"url\":\"https:\\\/\\\/bstgroupab.com\\\/sv\\\/\",\"name\":\"BST Group\",\"description\":\"Vi m\u00f6jligg\u00f6r morgondagens brandskydd\",\"publisher\":{\"@id\":\"https:\\\/\\\/bstgroupab.com\\\/sv\\\/#organization\"},\"potentialAction\":[{\"@type\":\"SearchAction\",\"target\":{\"@type\":\"EntryPoint\",\"urlTemplate\":\"https:\\\/\\\/bstgroupab.com\\\/sv\\\/?s={search_term_string}\"},\"query-input\":{\"@type\":\"PropertyValueSpecification\",\"valueRequired\":true,\"valueName\":\"search_term_string\"}}],\"inLanguage\":\"sv-SE\"},{\"@type\":\"Organization\",\"@id\":\"https:\\\/\\\/bstgroupab.com\\\/sv\\\/#organization\",\"name\":\"BST Group\",\"url\":\"https:\\\/\\\/bstgroupab.com\\\/sv\\\/\",\"logo\":{\"@type\":\"ImageObject\",\"inLanguage\":\"sv-SE\",\"@id\":\"https:\\\/\\\/bstgroupab.com\\\/sv\\\/#\\\/schema\\\/logo\\\/image\\\/\",\"url\":\"https:\\\/\\\/bstgroupab.com\\\/wp-content\\\/uploads\\\/2023\\\/11\\\/BST-group.svg\",\"contentUrl\":\"https:\\\/\\\/bstgroupab.com\\\/wp-content\\\/uploads\\\/2023\\\/11\\\/BST-group.svg\",\"caption\":\"BST Group\"},\"image\":{\"@id\":\"https:\\\/\\\/bstgroupab.com\\\/sv\\\/#\\\/schema\\\/logo\\\/image\\\/\"}},{\"@type\":\"Person\",\"@id\":\"https:\\\/\\\/bstgroupab.com\\\/sv\\\/#\\\/schema\\\/person\\\/f0728fe3af73648d0399ffdfc9505916\",\"name\":\"Old_User\",\"image\":{\"@type\":\"ImageObject\",\"inLanguage\":\"sv-SE\",\"@id\":\"https:\\\/\\\/secure.gravatar.com\\\/avatar\\\/f5e8bc624f77c9849c2a51ef3f191570742006f866ec5d69dd74666c0b271680?s=96&d=mm&r=g\",\"url\":\"https:\\\/\\\/secure.gravatar.com\\\/avatar\\\/f5e8bc624f77c9849c2a51ef3f191570742006f866ec5d69dd74666c0b271680?s=96&d=mm&r=g\",\"contentUrl\":\"https:\\\/\\\/secure.gravatar.com\\\/avatar\\\/f5e8bc624f77c9849c2a51ef3f191570742006f866ec5d69dd74666c0b271680?s=96&d=mm&r=g\",\"caption\":\"Old_User\"},\"sameAs\":[\"https:\\\/\\\/bstgroupab.com\"]}]}<\/script>\n<!-- \/ Yoast SEO plugin. -->","yoast_head_json":{"title":"BST Group ut\u00f6kar sin brandkonsultverksamhet genom att Brandkonsulten f\u00f6rv\u00e4rvar BISAB - BST Group","robots":{"index":"index","follow":"follow","max-snippet":"max-snippet:-1","max-image-preview":"max-image-preview:large","max-video-preview":"max-video-preview:-1"},"canonical":"https:\/\/bstgroupab.com\/sv\/bst-group-utokar-sin-brandkonsultverksamhet-genom-att-brandkonsulten-forvarvar-bisab\/","og_locale":"sv_SE","og_type":"article","og_title":"BST Group ut\u00f6kar sin brandkonsultverksamhet genom att Brandkonsulten f\u00f6rv\u00e4rvar BISAB - BST Group","og_description":"Fr\u00e5n och med den 1 februari har Brandingenj\u00f6r Ingvar Svensson AB integrerats i Brandkonsulten AB:s verksamhet.","og_url":"https:\/\/bstgroupab.com\/sv\/bst-group-utokar-sin-brandkonsultverksamhet-genom-att-brandkonsulten-forvarvar-bisab\/","og_site_name":"BST Group","article_published_time":"2024-02-01T14:00:00+00:00","article_modified_time":"2024-02-01T14:06:42+00:00","og_image":[{"width":1600,"height":1120,"url":"https:\/\/bstgroupab.com\/wp-content\/uploads\/2024\/02\/bisab.jpg","type":"image\/jpeg"}],"author":"Old_User","twitter_card":"summary_large_image","twitter_misc":{"Skriven av":"Old_User","Ber\u00e4knad l\u00e4stid":"1 minut"},"schema":{"@context":"https:\/\/schema.org","@graph":[{"@type":"Article","@id":"https:\/\/bstgroupab.com\/sv\/bst-group-utokar-sin-brandkonsultverksamhet-genom-att-brandkonsulten-forvarvar-bisab\/#article","isPartOf":{"@id":"https:\/\/bstgroupab.com\/sv\/bst-group-utokar-sin-brandkonsultverksamhet-genom-att-brandkonsulten-forvarvar-bisab\/"},"author":{"name":"Old_User","@id":"https:\/\/bstgroupab.com\/sv\/#\/schema\/person\/f0728fe3af73648d0399ffdfc9505916"},"headline":"BST Group ut\u00f6kar sin brandkonsultverksamhet genom att Brandkonsulten f\u00f6rv\u00e4rvar BISAB","datePublished":"2024-02-01T14:00:00+00:00","dateModified":"2024-02-01T14:06:42+00:00","mainEntityOfPage":{"@id":"https:\/\/bstgroupab.com\/sv\/bst-group-utokar-sin-brandkonsultverksamhet-genom-att-brandkonsulten-forvarvar-bisab\/"},"wordCount":183,"publisher":{"@id":"https:\/\/bstgroupab.com\/sv\/#organization"},"image":{"@id":"https:\/\/bstgroupab.com\/sv\/bst-group-utokar-sin-brandkonsultverksamhet-genom-att-brandkonsulten-forvarvar-bisab\/#primaryimage"},"thumbnailUrl":"https:\/\/bstgroupab.com\/wp-content\/uploads\/2024\/02\/bisab.jpg","articleSection":["F\u00f6rv\u00e4rv"],"inLanguage":"sv-SE"},{"@type":"WebPage","@id":"https:\/\/bstgroupab.com\/sv\/bst-group-utokar-sin-brandkonsultverksamhet-genom-att-brandkonsulten-forvarvar-bisab\/","url":"https:\/\/bstgroupab.com\/sv\/bst-group-utokar-sin-brandkonsultverksamhet-genom-att-brandkonsulten-forvarvar-bisab\/","name":"BST Group ut\u00f6kar sin brandkonsultverksamhet genom att Brandkonsulten f\u00f6rv\u00e4rvar BISAB - BST Group","isPartOf":{"@id":"https:\/\/bstgroupab.com\/sv\/#website"},"primaryImageOfPage":{"@id":"https:\/\/bstgroupab.com\/sv\/bst-group-utokar-sin-brandkonsultverksamhet-genom-att-brandkonsulten-forvarvar-bisab\/#primaryimage"},"image":{"@id":"https:\/\/bstgroupab.com\/sv\/bst-group-utokar-sin-brandkonsultverksamhet-genom-att-brandkonsulten-forvarvar-bisab\/#primaryimage"},"thumbnailUrl":"https:\/\/bstgroupab.com\/wp-content\/uploads\/2024\/02\/bisab.jpg","datePublished":"2024-02-01T14:00:00+00:00","dateModified":"2024-02-01T14:06:42+00:00","breadcrumb":{"@id":"https:\/\/bstgroupab.com\/sv\/bst-group-utokar-sin-brandkonsultverksamhet-genom-att-brandkonsulten-forvarvar-bisab\/#breadcrumb"},"inLanguage":"sv-SE","potentialAction":[{"@type":"ReadAction","target":["https:\/\/bstgroupab.com\/sv\/bst-group-utokar-sin-brandkonsultverksamhet-genom-att-brandkonsulten-forvarvar-bisab\/"]}]},{"@type":"ImageObject","inLanguage":"sv-SE","@id":"https:\/\/bstgroupab.com\/sv\/bst-group-utokar-sin-brandkonsultverksamhet-genom-att-brandkonsulten-forvarvar-bisab\/#primaryimage","url":"https:\/\/bstgroupab.com\/wp-content\/uploads\/2024\/02\/bisab.jpg","contentUrl":"https:\/\/bstgroupab.com\/wp-content\/uploads\/2024\/02\/bisab.jpg","width":1600,"height":1120},{"@type":"BreadcrumbList","@id":"https:\/\/bstgroupab.com\/sv\/bst-group-utokar-sin-brandkonsultverksamhet-genom-att-brandkonsulten-forvarvar-bisab\/#breadcrumb","itemListElement":[{"@type":"ListItem","position":1,"name":"Home","item":"https:\/\/bstgroupab.com\/sv\/"},{"@type":"ListItem","position":2,"name":"BST Group ut\u00f6kar sin brandkonsultverksamhet genom att Brandkonsulten f\u00f6rv\u00e4rvar BISAB"}]},{"@type":"WebSite","@id":"https:\/\/bstgroupab.com\/sv\/#website","url":"https:\/\/bstgroupab.com\/sv\/","name":"BST Group","description":"Vi m\u00f6jligg\u00f6r morgondagens brandskydd","publisher":{"@id":"https:\/\/bstgroupab.com\/sv\/#organization"},"potentialAction":[{"@type":"SearchAction","target":{"@type":"EntryPoint","urlTemplate":"https:\/\/bstgroupab.com\/sv\/?s={search_term_string}"},"query-input":{"@type":"PropertyValueSpecification","valueRequired":true,"valueName":"search_term_string"}}],"inLanguage":"sv-SE"},{"@type":"Organization","@id":"https:\/\/bstgroupab.com\/sv\/#organization","name":"BST Group","url":"https:\/\/bstgroupab.com\/sv\/","logo":{"@type":"ImageObject","inLanguage":"sv-SE","@id":"https:\/\/bstgroupab.com\/sv\/#\/schema\/logo\/image\/","url":"https:\/\/bstgroupab.com\/wp-content\/uploads\/2023\/11\/BST-group.svg","contentUrl":"https:\/\/bstgroupab.com\/wp-content\/uploads\/2023\/11\/BST-group.svg","caption":"BST Group"},"image":{"@id":"https:\/\/bstgroupab.com\/sv\/#\/schema\/logo\/image\/"}},{"@type":"Person","@id":"https:\/\/bstgroupab.com\/sv\/#\/schema\/person\/f0728fe3af73648d0399ffdfc9505916","name":"Old_User","image":{"@type":"ImageObject","inLanguage":"sv-SE","@id":"https:\/\/secure.gravatar.com\/avatar\/f5e8bc624f77c9849c2a51ef3f191570742006f866ec5d69dd74666c0b271680?s=96&d=mm&r=g","url":"https:\/\/secure.gravatar.com\/avatar\/f5e8bc624f77c9849c2a51ef3f191570742006f866ec5d69dd74666c0b271680?s=96&d=mm&r=g","contentUrl":"https:\/\/secure.gravatar.com\/avatar\/f5e8bc624f77c9849c2a51ef3f191570742006f866ec5d69dd74666c0b271680?s=96&d=mm&r=g","caption":"Old_User"},"sameAs":["https:\/\/bstgroupab.com"]}]}},"_links":{"self":[{"href":"https:\/\/bstgroupab.com\/sv\/wp-json\/wp\/v2\/posts\/8650","targetHints":{"allow":["GET"]}}],"collection":[{"href":"https:\/\/bstgroupab.com\/sv\/wp-json\/wp\/v2\/posts"}],"about":[{"href":"https:\/\/bstgroupab.com\/sv\/wp-json\/wp\/v2\/types\/post"}],"author":[{"embeddable":true,"href":"https:\/\/bstgroupab.com\/sv\/wp-json\/wp\/v2\/users\/1"}],"replies":[{"embeddable":true,"href":"https:\/\/bstgroupab.com\/sv\/wp-json\/wp\/v2\/comments?post=8650"}],"version-history":[{"count":3,"href":"https:\/\/bstgroupab.com\/sv\/wp-json\/wp\/v2\/posts\/8650\/revisions"}],"predecessor-version":[{"id":8654,"href":"https:\/\/bstgroupab.com\/sv\/wp-json\/wp\/v2\/posts\/8650\/revisions\/8654"}],"wp:featuredmedia":[{"embeddable":true,"href":"https:\/\/bstgroupab.com\/sv\/wp-json\/wp\/v2\/media\/8651"}],"wp:attachment":[{"href":"https:\/\/bstgroupab.com\/sv\/wp-json\/wp\/v2\/media?parent=8650"}],"wp:term":[{"taxonomy":"category","embeddable":true,"href":"https:\/\/bstgroupab.com\/sv\/wp-json\/wp\/v2\/categories?post=8650"},{"taxonomy":"post_tag","embeddable":true,"href":"https:\/\/bstgroupab.com\/sv\/wp-json\/wp\/v2\/tags?post=8650"}],"curies":[{"name":"wp","href":"https:\/\/api.w.org\/{rel}","templated":true}]}}