{"id":8693,"date":"2024-03-04T12:59:47","date_gmt":"2024-03-04T11:59:47","guid":{"rendered":"https:\/\/bstgroupab.com\/?p=8693"},"modified":"2024-03-04T12:59:57","modified_gmt":"2024-03-04T11:59:57","slug":"ketab-ab-blir-en-del-av-bst-group","status":"publish","type":"post","link":"https:\/\/bstgroupab.com\/sv\/ketab-ab-blir-en-del-av-bst-group\/","title":{"rendered":"KETAB AB blir en del av BST Group"},"content":{"rendered":"\n<p><strong>BST Group ut\u00f6kar ambitionerna inom brandlarm med f\u00f6rv\u00e4rvet av Ketab i G\u00f6teborg<\/strong><\/p>\n\n\n\n<p>BST Group har genom f\u00f6rv\u00e4rvet av Ketab nu lokal n\u00e4rvaro med brandlarm \u00e4ven i G\u00f6teborgsregionen.<br>Ketabs verksamhet best\u00e5r av larmtj\u00e4nster med ett tydligt fokus p\u00e5 service. Bolaget bildades 1981 och drivs idag av Fredrik Johansson och Tom Lillskog tillsammans med 6 medarbetare. Ketab utf\u00f6r larmarbeten i hela landet med fokus p\u00e5 G\u00f6teborgsregionen vilket geografiskt kompletterar tidigare satsningar BST Group gjort inom brandlarm. Kontor och lager finns i Bollebygd mellan G\u00f6teborg och Bor\u00e5s.<\/p>\n\n\n\n<p>\u2013 Vi har sen l\u00e4nge haft ett djupg\u00e5ende samarbete med BST i G\u00f6teborg varf\u00f6r vi k\u00e4nner oss trygga med att bli en del av BST Group och ing\u00e5 i ett st\u00f6rre sammanhang. Det ska bli sp\u00e4nnande att ta n\u00e4sta steg i utvecklingen av v\u00e5ra aff\u00e4rer samtidigt som vi k\u00e4nner att vi kan bidra med mycket kompetens till BST, s\u00e4ger Fredrik Johansson, VD f\u00f6r Ketab.<\/p>\n\n\n\n<p>\u2013 Att Ketab ansluter till BST Group \u00e4r mycket v\u00e4rdefullt i v\u00e5ra ambitioner att st\u00e4rkta aff\u00e4rerna inom brandlarm och kunna erbjuda kunderna ett st\u00f6rre tj\u00e4nsteinneh\u00e5ll. Bolaget har en l\u00e5ng historik av samverkan med BST varf\u00f6r man passar mycket bra in i v\u00e5rt erbjudande, s\u00e4ger Peter B\u00fchler, CCO i BST Group.<\/p>\n\n\n\n<p>Ketab kommer drivas vidare av Fredrik och Tom som ett av BST Groups dotterbolag i n\u00e4ra samverkan med BST i G\u00f6teborg.<\/p>\n\n\n\n<p>Vill du veta mer om aff\u00e4ren? V\u00e4nligen kontakta:<br>Peter B\u00fchler, CCO BST-gruppen<br>Mail: <a href=\"mailto:peter.buhler@bstgroupab.com\">peter.buhler@bstgroupab.com<\/a><br>Tel: <a href=\"tel:0046760010151\">+46 760-010 151<\/a><\/p>\n\n\n\n<p>Fredrik Johansson, VD Ketab<br>Mail: <a href=\"mailto:fredrik@ketab.nu\">fredrik@ketab.nu<\/a><br>Tel: <a href=\"tel:0046705955911\">+46 70-595 59 11<\/a><\/p>\n","protected":false},"excerpt":{"rendered":"<p>BST Group ut\u00f6kar ambitionerna inom brandlarm med f\u00f6rv\u00e4rvet av Ketab i G\u00f6teborg.<\/p>\n","protected":false},"author":1,"featured_media":8694,"comment_status":"closed","ping_status":"closed","sticky":false,"template":"","format":"standard","meta":{"footnotes":""},"categories":[93],"tags":[],"class_list":["post-8693","post","type-post","status-publish","format-standard","has-post-thumbnail","hentry","category-forvarv"],"yoast_head":"<!-- This site is optimized with the Yoast SEO plugin v27.5 - https:\/\/yoast.com\/product\/yoast-seo-wordpress\/ -->\n<title>KETAB AB blir en del av BST Group - BST Group<\/title>\n<meta name=\"robots\" content=\"index, follow, max-snippet:-1, max-image-preview:large, max-video-preview:-1\" \/>\n<link rel=\"canonical\" href=\"https:\/\/bstgroupab.com\/sv\/ketab-ab-blir-en-del-av-bst-group\/\" \/>\n<meta property=\"og:locale\" content=\"sv_SE\" \/>\n<meta property=\"og:type\" content=\"article\" \/>\n<meta property=\"og:title\" content=\"KETAB AB blir en del av BST Group - BST Group\" \/>\n<meta property=\"og:description\" content=\"BST Group ut\u00f6kar ambitionerna inom brandlarm med f\u00f6rv\u00e4rvet av Ketab i G\u00f6teborg.\" \/>\n<meta property=\"og:url\" content=\"https:\/\/bstgroupab.com\/sv\/ketab-ab-blir-en-del-av-bst-group\/\" \/>\n<meta property=\"og:site_name\" content=\"BST Group\" \/>\n<meta property=\"article:published_time\" content=\"2024-03-04T11:59:47+00:00\" \/>\n<meta property=\"article:modified_time\" content=\"2024-03-04T11:59:57+00:00\" \/>\n<meta property=\"og:image\" content=\"https:\/\/bstgroupab.com\/wp-content\/uploads\/2024\/02\/ketab.jpg\" \/>\n\t<meta property=\"og:image:width\" content=\"1600\" \/>\n\t<meta property=\"og:image:height\" content=\"1120\" \/>\n\t<meta property=\"og:image:type\" content=\"image\/jpeg\" \/>\n<meta name=\"author\" content=\"Old_User\" \/>\n<meta name=\"twitter:card\" content=\"summary_large_image\" \/>\n<meta name=\"twitter:label1\" content=\"Skriven av\" \/>\n\t<meta name=\"twitter:data1\" content=\"Old_User\" \/>\n\t<meta name=\"twitter:label2\" content=\"Ber\u00e4knad l\u00e4stid\" \/>\n\t<meta name=\"twitter:data2\" content=\"2 minuter\" \/>\n<script type=\"application\/ld+json\" class=\"yoast-schema-graph\">{\"@context\":\"https:\\\/\\\/schema.org\",\"@graph\":[{\"@type\":\"Article\",\"@id\":\"https:\\\/\\\/bstgroupab.com\\\/sv\\\/ketab-ab-blir-en-del-av-bst-group\\\/#article\",\"isPartOf\":{\"@id\":\"https:\\\/\\\/bstgroupab.com\\\/sv\\\/ketab-ab-blir-en-del-av-bst-group\\\/\"},\"author\":{\"name\":\"Old_User\",\"@id\":\"https:\\\/\\\/bstgroupab.com\\\/sv\\\/#\\\/schema\\\/person\\\/f0728fe3af73648d0399ffdfc9505916\"},\"headline\":\"KETAB AB blir en del av BST Group\",\"datePublished\":\"2024-03-04T11:59:47+00:00\",\"dateModified\":\"2024-03-04T11:59:57+00:00\",\"mainEntityOfPage\":{\"@id\":\"https:\\\/\\\/bstgroupab.com\\\/sv\\\/ketab-ab-blir-en-del-av-bst-group\\\/\"},\"wordCount\":294,\"publisher\":{\"@id\":\"https:\\\/\\\/bstgroupab.com\\\/sv\\\/#organization\"},\"image\":{\"@id\":\"https:\\\/\\\/bstgroupab.com\\\/sv\\\/ketab-ab-blir-en-del-av-bst-group\\\/#primaryimage\"},\"thumbnailUrl\":\"https:\\\/\\\/bstgroupab.com\\\/wp-content\\\/uploads\\\/2024\\\/02\\\/ketab.jpg\",\"articleSection\":[\"F\u00f6rv\u00e4rv\"],\"inLanguage\":\"sv-SE\"},{\"@type\":\"WebPage\",\"@id\":\"https:\\\/\\\/bstgroupab.com\\\/sv\\\/ketab-ab-blir-en-del-av-bst-group\\\/\",\"url\":\"https:\\\/\\\/bstgroupab.com\\\/sv\\\/ketab-ab-blir-en-del-av-bst-group\\\/\",\"name\":\"KETAB AB blir en del av BST Group - BST Group\",\"isPartOf\":{\"@id\":\"https:\\\/\\\/bstgroupab.com\\\/sv\\\/#website\"},\"primaryImageOfPage\":{\"@id\":\"https:\\\/\\\/bstgroupab.com\\\/sv\\\/ketab-ab-blir-en-del-av-bst-group\\\/#primaryimage\"},\"image\":{\"@id\":\"https:\\\/\\\/bstgroupab.com\\\/sv\\\/ketab-ab-blir-en-del-av-bst-group\\\/#primaryimage\"},\"thumbnailUrl\":\"https:\\\/\\\/bstgroupab.com\\\/wp-content\\\/uploads\\\/2024\\\/02\\\/ketab.jpg\",\"datePublished\":\"2024-03-04T11:59:47+00:00\",\"dateModified\":\"2024-03-04T11:59:57+00:00\",\"breadcrumb\":{\"@id\":\"https:\\\/\\\/bstgroupab.com\\\/sv\\\/ketab-ab-blir-en-del-av-bst-group\\\/#breadcrumb\"},\"inLanguage\":\"sv-SE\",\"potentialAction\":[{\"@type\":\"ReadAction\",\"target\":[\"https:\\\/\\\/bstgroupab.com\\\/sv\\\/ketab-ab-blir-en-del-av-bst-group\\\/\"]}]},{\"@type\":\"ImageObject\",\"inLanguage\":\"sv-SE\",\"@id\":\"https:\\\/\\\/bstgroupab.com\\\/sv\\\/ketab-ab-blir-en-del-av-bst-group\\\/#primaryimage\",\"url\":\"https:\\\/\\\/bstgroupab.com\\\/wp-content\\\/uploads\\\/2024\\\/02\\\/ketab.jpg\",\"contentUrl\":\"https:\\\/\\\/bstgroupab.com\\\/wp-content\\\/uploads\\\/2024\\\/02\\\/ketab.jpg\",\"width\":1600,\"height\":1120},{\"@type\":\"BreadcrumbList\",\"@id\":\"https:\\\/\\\/bstgroupab.com\\\/sv\\\/ketab-ab-blir-en-del-av-bst-group\\\/#breadcrumb\",\"itemListElement\":[{\"@type\":\"ListItem\",\"position\":1,\"name\":\"Home\",\"item\":\"https:\\\/\\\/bstgroupab.com\\\/sv\\\/\"},{\"@type\":\"ListItem\",\"position\":2,\"name\":\"KETAB AB blir en del av BST Group\"}]},{\"@type\":\"WebSite\",\"@id\":\"https:\\\/\\\/bstgroupab.com\\\/sv\\\/#website\",\"url\":\"https:\\\/\\\/bstgroupab.com\\\/sv\\\/\",\"name\":\"BST Group\",\"description\":\"Vi m\u00f6jligg\u00f6r morgondagens brandskydd\",\"publisher\":{\"@id\":\"https:\\\/\\\/bstgroupab.com\\\/sv\\\/#organization\"},\"potentialAction\":[{\"@type\":\"SearchAction\",\"target\":{\"@type\":\"EntryPoint\",\"urlTemplate\":\"https:\\\/\\\/bstgroupab.com\\\/sv\\\/?s={search_term_string}\"},\"query-input\":{\"@type\":\"PropertyValueSpecification\",\"valueRequired\":true,\"valueName\":\"search_term_string\"}}],\"inLanguage\":\"sv-SE\"},{\"@type\":\"Organization\",\"@id\":\"https:\\\/\\\/bstgroupab.com\\\/sv\\\/#organization\",\"name\":\"BST Group\",\"url\":\"https:\\\/\\\/bstgroupab.com\\\/sv\\\/\",\"logo\":{\"@type\":\"ImageObject\",\"inLanguage\":\"sv-SE\",\"@id\":\"https:\\\/\\\/bstgroupab.com\\\/sv\\\/#\\\/schema\\\/logo\\\/image\\\/\",\"url\":\"https:\\\/\\\/bstgroupab.com\\\/wp-content\\\/uploads\\\/2023\\\/11\\\/BST-group.svg\",\"contentUrl\":\"https:\\\/\\\/bstgroupab.com\\\/wp-content\\\/uploads\\\/2023\\\/11\\\/BST-group.svg\",\"caption\":\"BST Group\"},\"image\":{\"@id\":\"https:\\\/\\\/bstgroupab.com\\\/sv\\\/#\\\/schema\\\/logo\\\/image\\\/\"}},{\"@type\":\"Person\",\"@id\":\"https:\\\/\\\/bstgroupab.com\\\/sv\\\/#\\\/schema\\\/person\\\/f0728fe3af73648d0399ffdfc9505916\",\"name\":\"Old_User\",\"image\":{\"@type\":\"ImageObject\",\"inLanguage\":\"sv-SE\",\"@id\":\"https:\\\/\\\/secure.gravatar.com\\\/avatar\\\/f5e8bc624f77c9849c2a51ef3f191570742006f866ec5d69dd74666c0b271680?s=96&d=mm&r=g\",\"url\":\"https:\\\/\\\/secure.gravatar.com\\\/avatar\\\/f5e8bc624f77c9849c2a51ef3f191570742006f866ec5d69dd74666c0b271680?s=96&d=mm&r=g\",\"contentUrl\":\"https:\\\/\\\/secure.gravatar.com\\\/avatar\\\/f5e8bc624f77c9849c2a51ef3f191570742006f866ec5d69dd74666c0b271680?s=96&d=mm&r=g\",\"caption\":\"Old_User\"},\"sameAs\":[\"https:\\\/\\\/bstgroupab.com\"]}]}<\/script>\n<!-- \/ Yoast SEO plugin. -->","yoast_head_json":{"title":"KETAB AB blir en del av BST Group - BST Group","robots":{"index":"index","follow":"follow","max-snippet":"max-snippet:-1","max-image-preview":"max-image-preview:large","max-video-preview":"max-video-preview:-1"},"canonical":"https:\/\/bstgroupab.com\/sv\/ketab-ab-blir-en-del-av-bst-group\/","og_locale":"sv_SE","og_type":"article","og_title":"KETAB AB blir en del av BST Group - BST Group","og_description":"BST Group ut\u00f6kar ambitionerna inom brandlarm med f\u00f6rv\u00e4rvet av Ketab i G\u00f6teborg.","og_url":"https:\/\/bstgroupab.com\/sv\/ketab-ab-blir-en-del-av-bst-group\/","og_site_name":"BST Group","article_published_time":"2024-03-04T11:59:47+00:00","article_modified_time":"2024-03-04T11:59:57+00:00","og_image":[{"width":1600,"height":1120,"url":"https:\/\/bstgroupab.com\/wp-content\/uploads\/2024\/02\/ketab.jpg","type":"image\/jpeg"}],"author":"Old_User","twitter_card":"summary_large_image","twitter_misc":{"Skriven av":"Old_User","Ber\u00e4knad l\u00e4stid":"2 minuter"},"schema":{"@context":"https:\/\/schema.org","@graph":[{"@type":"Article","@id":"https:\/\/bstgroupab.com\/sv\/ketab-ab-blir-en-del-av-bst-group\/#article","isPartOf":{"@id":"https:\/\/bstgroupab.com\/sv\/ketab-ab-blir-en-del-av-bst-group\/"},"author":{"name":"Old_User","@id":"https:\/\/bstgroupab.com\/sv\/#\/schema\/person\/f0728fe3af73648d0399ffdfc9505916"},"headline":"KETAB AB blir en del av BST Group","datePublished":"2024-03-04T11:59:47+00:00","dateModified":"2024-03-04T11:59:57+00:00","mainEntityOfPage":{"@id":"https:\/\/bstgroupab.com\/sv\/ketab-ab-blir-en-del-av-bst-group\/"},"wordCount":294,"publisher":{"@id":"https:\/\/bstgroupab.com\/sv\/#organization"},"image":{"@id":"https:\/\/bstgroupab.com\/sv\/ketab-ab-blir-en-del-av-bst-group\/#primaryimage"},"thumbnailUrl":"https:\/\/bstgroupab.com\/wp-content\/uploads\/2024\/02\/ketab.jpg","articleSection":["F\u00f6rv\u00e4rv"],"inLanguage":"sv-SE"},{"@type":"WebPage","@id":"https:\/\/bstgroupab.com\/sv\/ketab-ab-blir-en-del-av-bst-group\/","url":"https:\/\/bstgroupab.com\/sv\/ketab-ab-blir-en-del-av-bst-group\/","name":"KETAB AB blir en del av BST Group - BST Group","isPartOf":{"@id":"https:\/\/bstgroupab.com\/sv\/#website"},"primaryImageOfPage":{"@id":"https:\/\/bstgroupab.com\/sv\/ketab-ab-blir-en-del-av-bst-group\/#primaryimage"},"image":{"@id":"https:\/\/bstgroupab.com\/sv\/ketab-ab-blir-en-del-av-bst-group\/#primaryimage"},"thumbnailUrl":"https:\/\/bstgroupab.com\/wp-content\/uploads\/2024\/02\/ketab.jpg","datePublished":"2024-03-04T11:59:47+00:00","dateModified":"2024-03-04T11:59:57+00:00","breadcrumb":{"@id":"https:\/\/bstgroupab.com\/sv\/ketab-ab-blir-en-del-av-bst-group\/#breadcrumb"},"inLanguage":"sv-SE","potentialAction":[{"@type":"ReadAction","target":["https:\/\/bstgroupab.com\/sv\/ketab-ab-blir-en-del-av-bst-group\/"]}]},{"@type":"ImageObject","inLanguage":"sv-SE","@id":"https:\/\/bstgroupab.com\/sv\/ketab-ab-blir-en-del-av-bst-group\/#primaryimage","url":"https:\/\/bstgroupab.com\/wp-content\/uploads\/2024\/02\/ketab.jpg","contentUrl":"https:\/\/bstgroupab.com\/wp-content\/uploads\/2024\/02\/ketab.jpg","width":1600,"height":1120},{"@type":"BreadcrumbList","@id":"https:\/\/bstgroupab.com\/sv\/ketab-ab-blir-en-del-av-bst-group\/#breadcrumb","itemListElement":[{"@type":"ListItem","position":1,"name":"Home","item":"https:\/\/bstgroupab.com\/sv\/"},{"@type":"ListItem","position":2,"name":"KETAB AB blir en del av BST Group"}]},{"@type":"WebSite","@id":"https:\/\/bstgroupab.com\/sv\/#website","url":"https:\/\/bstgroupab.com\/sv\/","name":"BST Group","description":"Vi m\u00f6jligg\u00f6r morgondagens brandskydd","publisher":{"@id":"https:\/\/bstgroupab.com\/sv\/#organization"},"potentialAction":[{"@type":"SearchAction","target":{"@type":"EntryPoint","urlTemplate":"https:\/\/bstgroupab.com\/sv\/?s={search_term_string}"},"query-input":{"@type":"PropertyValueSpecification","valueRequired":true,"valueName":"search_term_string"}}],"inLanguage":"sv-SE"},{"@type":"Organization","@id":"https:\/\/bstgroupab.com\/sv\/#organization","name":"BST Group","url":"https:\/\/bstgroupab.com\/sv\/","logo":{"@type":"ImageObject","inLanguage":"sv-SE","@id":"https:\/\/bstgroupab.com\/sv\/#\/schema\/logo\/image\/","url":"https:\/\/bstgroupab.com\/wp-content\/uploads\/2023\/11\/BST-group.svg","contentUrl":"https:\/\/bstgroupab.com\/wp-content\/uploads\/2023\/11\/BST-group.svg","caption":"BST Group"},"image":{"@id":"https:\/\/bstgroupab.com\/sv\/#\/schema\/logo\/image\/"}},{"@type":"Person","@id":"https:\/\/bstgroupab.com\/sv\/#\/schema\/person\/f0728fe3af73648d0399ffdfc9505916","name":"Old_User","image":{"@type":"ImageObject","inLanguage":"sv-SE","@id":"https:\/\/secure.gravatar.com\/avatar\/f5e8bc624f77c9849c2a51ef3f191570742006f866ec5d69dd74666c0b271680?s=96&d=mm&r=g","url":"https:\/\/secure.gravatar.com\/avatar\/f5e8bc624f77c9849c2a51ef3f191570742006f866ec5d69dd74666c0b271680?s=96&d=mm&r=g","contentUrl":"https:\/\/secure.gravatar.com\/avatar\/f5e8bc624f77c9849c2a51ef3f191570742006f866ec5d69dd74666c0b271680?s=96&d=mm&r=g","caption":"Old_User"},"sameAs":["https:\/\/bstgroupab.com"]}]}},"_links":{"self":[{"href":"https:\/\/bstgroupab.com\/sv\/wp-json\/wp\/v2\/posts\/8693","targetHints":{"allow":["GET"]}}],"collection":[{"href":"https:\/\/bstgroupab.com\/sv\/wp-json\/wp\/v2\/posts"}],"about":[{"href":"https:\/\/bstgroupab.com\/sv\/wp-json\/wp\/v2\/types\/post"}],"author":[{"embeddable":true,"href":"https:\/\/bstgroupab.com\/sv\/wp-json\/wp\/v2\/users\/1"}],"replies":[{"embeddable":true,"href":"https:\/\/bstgroupab.com\/sv\/wp-json\/wp\/v2\/comments?post=8693"}],"version-history":[{"count":4,"href":"https:\/\/bstgroupab.com\/sv\/wp-json\/wp\/v2\/posts\/8693\/revisions"}],"predecessor-version":[{"id":8698,"href":"https:\/\/bstgroupab.com\/sv\/wp-json\/wp\/v2\/posts\/8693\/revisions\/8698"}],"wp:featuredmedia":[{"embeddable":true,"href":"https:\/\/bstgroupab.com\/sv\/wp-json\/wp\/v2\/media\/8694"}],"wp:attachment":[{"href":"https:\/\/bstgroupab.com\/sv\/wp-json\/wp\/v2\/media?parent=8693"}],"wp:term":[{"taxonomy":"category","embeddable":true,"href":"https:\/\/bstgroupab.com\/sv\/wp-json\/wp\/v2\/categories?post=8693"},{"taxonomy":"post_tag","embeddable":true,"href":"https:\/\/bstgroupab.com\/sv\/wp-json\/wp\/v2\/tags?post=8693"}],"curies":[{"name":"wp","href":"https:\/\/api.w.org\/{rel}","templated":true}]}}