{"id":9881,"date":"2025-03-24T09:36:44","date_gmt":"2025-03-24T08:36:44","guid":{"rendered":"https:\/\/bstgroupab.com\/?p=9881"},"modified":"2025-03-24T10:14:05","modified_gmt":"2025-03-24T09:14:05","slug":"bst-group-vaxer-i-sodra-sverige-breddar-sitt-erbjudande-genom-forvarv-av-presom-sakerhet-ab","status":"publish","type":"post","link":"https:\/\/bstgroupab.com\/sv\/bst-group-vaxer-i-sodra-sverige-breddar-sitt-erbjudande-genom-forvarv-av-presom-sakerhet-ab\/","title":{"rendered":"BST Group v\u00e4xer i s\u00f6dra Sverige \u2013 breddar sitt erbjudande genom f\u00f6rv\u00e4rv av Presom S\u00e4kerhet AB"},"content":{"rendered":"\n<p>BST Group forts\u00e4tter sin expansion inom brandskydd och s\u00e4kerhet genom att f\u00f6rv\u00e4rva Presom S\u00e4kerhet AB (&#8221;Presom&#8221;), ett etablerat och certifierat f\u00f6retag inom larm- och s\u00e4kerhetsl\u00f6sningar\u00a0baserat i Kristianstad. F\u00f6rv\u00e4rvet st\u00e4rker BST Groups n\u00e4rvaro i s\u00f6dra Sverige och skapar nya m\u00f6jligheter att erbjuda bredare service till kunder i regionen.\u00a0<\/p>\n\n\n\n<p><strong>Ut\u00f6kade m\u00f6jligheter f\u00f6r ett starkare brandskydd<\/strong>\u00a0<br>Presom har varit en p\u00e5litlig akt\u00f6r inom larm- och s\u00e4kerhet sedan 1997. Med en stabil aff\u00e4rsmodell och en omfattande kundbas har f\u00f6retaget byggt l\u00e5ngsiktiga relationer med fastighets\u00e4gare, byggf\u00f6retag, industriverksamheter och andra akt\u00f6rer inom fastighetssektorn i s\u00f6dra Sverige. Genom f\u00f6rv\u00e4rvet kan Presom och BST Group tillsammans bredda sitt erbjudande och skapa \u00e4nnu b\u00e4ttre m\u00f6jligheter att m\u00f6ta marknadens behov.\u00a0<\/p>\n\n\n\n<p>&#8221;Presom har gedigen kompetens och en v\u00e4l etablerad kundbas, vilket kompletterar v\u00e5r verksamhet p\u00e5 ett utm\u00e4rkt s\u00e4tt. F\u00f6rv\u00e4rvet g\u00f6r det m\u00f6jligt f\u00f6r oss att erbjuda kunder i s\u00f6dra Sverige en\u00a0bredare och mer helt\u00e4ckande tj\u00e4nsteportf\u00f6lj inom brandskydd och \u00f6vriga s\u00e4kerhetsl\u00f6sningar,&#8221; s\u00e4ger Olov Schagerlund, vd och koncernchef\u00a0f\u00f6r BST Group.\u00a0<\/p>\n\n\n\n<p><strong>Strategisk samverkan f\u00f6r \u00f6kad drifts\u00e4kerhet<\/strong>\u00a0<br>F\u00f6rv\u00e4rvet \u00e4r en del av BST Groups l\u00e5ngsiktiga strategi att v\u00e4xa p\u00e5 den nordiska marknaden. Genom att kombinera Presoms specialistkunskap inom s\u00e4kerhet med BST Groups etablerade verksamhet inom sprinkler och service skapas m\u00f6jligheter f\u00f6r en effektivare leverans av brandskyddstj\u00e4nster.\u00a0<\/p>\n\n\n\n<p>&#8221;BST Group delar v\u00e5r syn p\u00e5 kvalitet, s\u00e4kerhet och vikten av att skapa v\u00e4rde f\u00f6r kunden. Genom deras n\u00e4tverk och resurser kan vi forts\u00e4tta att utveckla v\u00e5ra tj\u00e4nster och skapa \u00e4nnu b\u00e4ttre l\u00f6sningar. Det h\u00e4r \u00e4r ett naturligt steg i v\u00e5r utveckling,&#8221; s\u00e4ger Stefan Karlsson, vd f\u00f6r Presom.\u00a0<\/p>\n\n\n\n<p><strong>Ett mer komplett erbjudande\u00a0inom brandlarm och s\u00e4kerhet<\/strong>\u00a0<br>Med Presom som en del av BST Group st\u00e4rker koncernen sin kapacitet att m\u00f6ta framtidens krav p\u00e5\u00a0brandlarm och s\u00e4kerhetsl\u00f6sningar. Genom att kombinera expertis inom olika skyddssystem kan BST Group nu erbjuda en mer helt\u00e4ckande l\u00f6sning f\u00f6r kunder och verksamheter i regionen.\u00a0<\/p>\n\n\n\n<p>F\u00f6rv\u00e4rvet \u00e4r villkorat medgivande fr\u00e5n Inspektionen f\u00f6r strategiska produkter (ISP).\u00a0<\/p>\n\n\n\n<p><strong>F\u00f6r mer information, v\u00e4nligen kontakta:<\/strong>\u00a0<\/p>\n\n\n\n<p><br><strong>Olov Schagerlund, vd och koncernchef, BST Group\u00a0<br><\/strong>E-post:\u00a0<a href=\"mailto:olov.schagerlund@bstgroupab.com\" target=\"_blank\" rel=\"noreferrer noopener\">olov.schagerlund@bstgroupab.com<\/a>\u00a0<br>Tel:\u00a0<a href=\"tel:0046708184184\" target=\"_blank\" rel=\"noreferrer noopener\">+46 708-18 41 84<\/a>\u00a0<br><br><strong>Stefan Karlsson, vd Presom S\u00e4kerhet\u00a0<br><\/strong>E-post:\u00a0<a href=\"mailto:stefan@presom.se\" target=\"_blank\" rel=\"noreferrer noopener\">stefan@presom.se<\/a><br>Tel: <a href=\"tel:0046705637200\" target=\"_blank\" rel=\"noreferrer noopener\">+46 705 63 72 00<\/a><\/p>\n","protected":false},"excerpt":{"rendered":"<p>F\u00f6rv\u00e4rvet st\u00e4rker BST Groups n\u00e4rvaro i s\u00f6dra Sverige och \u00f6kar f\u00f6rm\u00e5gan att erbjuda ett mer samlat utbud av larm- och s\u00e4kerhetsl\u00f6sningar till kunder i regionen.<\/p>\n","protected":false},"author":4,"featured_media":9883,"comment_status":"closed","ping_status":"closed","sticky":false,"template":"","format":"standard","meta":{"footnotes":""},"categories":[93,1],"tags":[],"class_list":["post-9881","post","type-post","status-publish","format-standard","has-post-thumbnail","hentry","category-forvarv","category-okategoriserad"],"yoast_head":"<!-- This site is optimized with the Yoast SEO plugin v27.4 - https:\/\/yoast.com\/product\/yoast-seo-wordpress\/ -->\n<title>BST Group v\u00e4xer i s\u00f6dra Sverige \u2013 breddar sitt erbjudande genom f\u00f6rv\u00e4rv av Presom S\u00e4kerhet AB - BST Group<\/title>\n<meta name=\"robots\" content=\"index, follow, max-snippet:-1, max-image-preview:large, max-video-preview:-1\" \/>\n<link rel=\"canonical\" href=\"https:\/\/bstgroupab.com\/sv\/bst-group-vaxer-i-sodra-sverige-breddar-sitt-erbjudande-genom-forvarv-av-presom-sakerhet-ab\/\" \/>\n<meta property=\"og:locale\" content=\"sv_SE\" \/>\n<meta property=\"og:type\" content=\"article\" \/>\n<meta property=\"og:title\" content=\"BST Group v\u00e4xer i s\u00f6dra Sverige \u2013 breddar sitt erbjudande genom f\u00f6rv\u00e4rv av Presom S\u00e4kerhet AB - BST Group\" \/>\n<meta property=\"og:description\" content=\"F\u00f6rv\u00e4rvet st\u00e4rker BST Groups n\u00e4rvaro i s\u00f6dra Sverige och \u00f6kar f\u00f6rm\u00e5gan att erbjuda ett mer samlat utbud av larm- och s\u00e4kerhetsl\u00f6sningar till kunder i regionen.\" \/>\n<meta property=\"og:url\" content=\"https:\/\/bstgroupab.com\/sv\/bst-group-vaxer-i-sodra-sverige-breddar-sitt-erbjudande-genom-forvarv-av-presom-sakerhet-ab\/\" \/>\n<meta property=\"og:site_name\" content=\"BST Group\" \/>\n<meta property=\"article:published_time\" content=\"2025-03-24T08:36:44+00:00\" \/>\n<meta property=\"article:modified_time\" content=\"2025-03-24T09:14:05+00:00\" \/>\n<meta property=\"og:image\" content=\"https:\/\/bstgroupab.com\/wp-content\/uploads\/2025\/03\/grupp-scaled.jpg\" \/>\n\t<meta property=\"og:image:width\" content=\"2560\" \/>\n\t<meta property=\"og:image:height\" content=\"1707\" \/>\n\t<meta property=\"og:image:type\" content=\"image\/jpeg\" \/>\n<meta name=\"author\" content=\"Oskar Edin\" \/>\n<meta name=\"twitter:card\" content=\"summary_large_image\" \/>\n<meta name=\"twitter:label1\" content=\"Skriven av\" \/>\n\t<meta name=\"twitter:data1\" content=\"Oskar Edin\" \/>\n\t<meta name=\"twitter:label2\" content=\"Ber\u00e4knad l\u00e4stid\" \/>\n\t<meta name=\"twitter:data2\" content=\"2 minuter\" \/>\n<script type=\"application\/ld+json\" class=\"yoast-schema-graph\">{\"@context\":\"https:\\\/\\\/schema.org\",\"@graph\":[{\"@type\":\"Article\",\"@id\":\"https:\\\/\\\/bstgroupab.com\\\/sv\\\/bst-group-vaxer-i-sodra-sverige-breddar-sitt-erbjudande-genom-forvarv-av-presom-sakerhet-ab\\\/#article\",\"isPartOf\":{\"@id\":\"https:\\\/\\\/bstgroupab.com\\\/sv\\\/bst-group-vaxer-i-sodra-sverige-breddar-sitt-erbjudande-genom-forvarv-av-presom-sakerhet-ab\\\/\"},\"author\":{\"name\":\"Oskar Edin\",\"@id\":\"https:\\\/\\\/bstgroupab.com\\\/sv\\\/#\\\/schema\\\/person\\\/c9c4df28b8c2ee1326851d5d0b1a0695\"},\"headline\":\"BST Group v\u00e4xer i s\u00f6dra Sverige \u2013 breddar sitt erbjudande genom f\u00f6rv\u00e4rv av Presom S\u00e4kerhet AB\",\"datePublished\":\"2025-03-24T08:36:44+00:00\",\"dateModified\":\"2025-03-24T09:14:05+00:00\",\"mainEntityOfPage\":{\"@id\":\"https:\\\/\\\/bstgroupab.com\\\/sv\\\/bst-group-vaxer-i-sodra-sverige-breddar-sitt-erbjudande-genom-forvarv-av-presom-sakerhet-ab\\\/\"},\"wordCount\":448,\"publisher\":{\"@id\":\"https:\\\/\\\/bstgroupab.com\\\/sv\\\/#organization\"},\"image\":{\"@id\":\"https:\\\/\\\/bstgroupab.com\\\/sv\\\/bst-group-vaxer-i-sodra-sverige-breddar-sitt-erbjudande-genom-forvarv-av-presom-sakerhet-ab\\\/#primaryimage\"},\"thumbnailUrl\":\"https:\\\/\\\/bstgroupab.com\\\/wp-content\\\/uploads\\\/2025\\\/03\\\/grupp-scaled.jpg\",\"articleSection\":[\"F\u00f6rv\u00e4rv\",\"Okategoriserad\"],\"inLanguage\":\"sv-SE\"},{\"@type\":\"WebPage\",\"@id\":\"https:\\\/\\\/bstgroupab.com\\\/sv\\\/bst-group-vaxer-i-sodra-sverige-breddar-sitt-erbjudande-genom-forvarv-av-presom-sakerhet-ab\\\/\",\"url\":\"https:\\\/\\\/bstgroupab.com\\\/sv\\\/bst-group-vaxer-i-sodra-sverige-breddar-sitt-erbjudande-genom-forvarv-av-presom-sakerhet-ab\\\/\",\"name\":\"BST Group v\u00e4xer i s\u00f6dra Sverige \u2013 breddar sitt erbjudande genom f\u00f6rv\u00e4rv av Presom S\u00e4kerhet AB - BST Group\",\"isPartOf\":{\"@id\":\"https:\\\/\\\/bstgroupab.com\\\/sv\\\/#website\"},\"primaryImageOfPage\":{\"@id\":\"https:\\\/\\\/bstgroupab.com\\\/sv\\\/bst-group-vaxer-i-sodra-sverige-breddar-sitt-erbjudande-genom-forvarv-av-presom-sakerhet-ab\\\/#primaryimage\"},\"image\":{\"@id\":\"https:\\\/\\\/bstgroupab.com\\\/sv\\\/bst-group-vaxer-i-sodra-sverige-breddar-sitt-erbjudande-genom-forvarv-av-presom-sakerhet-ab\\\/#primaryimage\"},\"thumbnailUrl\":\"https:\\\/\\\/bstgroupab.com\\\/wp-content\\\/uploads\\\/2025\\\/03\\\/grupp-scaled.jpg\",\"datePublished\":\"2025-03-24T08:36:44+00:00\",\"dateModified\":\"2025-03-24T09:14:05+00:00\",\"breadcrumb\":{\"@id\":\"https:\\\/\\\/bstgroupab.com\\\/sv\\\/bst-group-vaxer-i-sodra-sverige-breddar-sitt-erbjudande-genom-forvarv-av-presom-sakerhet-ab\\\/#breadcrumb\"},\"inLanguage\":\"sv-SE\",\"potentialAction\":[{\"@type\":\"ReadAction\",\"target\":[\"https:\\\/\\\/bstgroupab.com\\\/sv\\\/bst-group-vaxer-i-sodra-sverige-breddar-sitt-erbjudande-genom-forvarv-av-presom-sakerhet-ab\\\/\"]}]},{\"@type\":\"ImageObject\",\"inLanguage\":\"sv-SE\",\"@id\":\"https:\\\/\\\/bstgroupab.com\\\/sv\\\/bst-group-vaxer-i-sodra-sverige-breddar-sitt-erbjudande-genom-forvarv-av-presom-sakerhet-ab\\\/#primaryimage\",\"url\":\"https:\\\/\\\/bstgroupab.com\\\/wp-content\\\/uploads\\\/2025\\\/03\\\/grupp-scaled.jpg\",\"contentUrl\":\"https:\\\/\\\/bstgroupab.com\\\/wp-content\\\/uploads\\\/2025\\\/03\\\/grupp-scaled.jpg\",\"width\":2560,\"height\":1707,\"caption\":\"Stefan Karlsson, vd, och Jonas Karlsson, teknisk chef, Presom S\u00e4kerhet AB. Foto: Jens C Hilner.\"},{\"@type\":\"BreadcrumbList\",\"@id\":\"https:\\\/\\\/bstgroupab.com\\\/sv\\\/bst-group-vaxer-i-sodra-sverige-breddar-sitt-erbjudande-genom-forvarv-av-presom-sakerhet-ab\\\/#breadcrumb\",\"itemListElement\":[{\"@type\":\"ListItem\",\"position\":1,\"name\":\"Home\",\"item\":\"https:\\\/\\\/bstgroupab.com\\\/sv\\\/\"},{\"@type\":\"ListItem\",\"position\":2,\"name\":\"BST Group v\u00e4xer i s\u00f6dra Sverige \u2013 breddar sitt erbjudande genom f\u00f6rv\u00e4rv av Presom S\u00e4kerhet AB\"}]},{\"@type\":\"WebSite\",\"@id\":\"https:\\\/\\\/bstgroupab.com\\\/sv\\\/#website\",\"url\":\"https:\\\/\\\/bstgroupab.com\\\/sv\\\/\",\"name\":\"BST Group\",\"description\":\"Vi m\u00f6jligg\u00f6r morgondagens brandskydd\",\"publisher\":{\"@id\":\"https:\\\/\\\/bstgroupab.com\\\/sv\\\/#organization\"},\"potentialAction\":[{\"@type\":\"SearchAction\",\"target\":{\"@type\":\"EntryPoint\",\"urlTemplate\":\"https:\\\/\\\/bstgroupab.com\\\/sv\\\/?s={search_term_string}\"},\"query-input\":{\"@type\":\"PropertyValueSpecification\",\"valueRequired\":true,\"valueName\":\"search_term_string\"}}],\"inLanguage\":\"sv-SE\"},{\"@type\":\"Organization\",\"@id\":\"https:\\\/\\\/bstgroupab.com\\\/sv\\\/#organization\",\"name\":\"BST Group\",\"url\":\"https:\\\/\\\/bstgroupab.com\\\/sv\\\/\",\"logo\":{\"@type\":\"ImageObject\",\"inLanguage\":\"sv-SE\",\"@id\":\"https:\\\/\\\/bstgroupab.com\\\/sv\\\/#\\\/schema\\\/logo\\\/image\\\/\",\"url\":\"https:\\\/\\\/bstgroupab.com\\\/wp-content\\\/uploads\\\/2023\\\/11\\\/BST-group.svg\",\"contentUrl\":\"https:\\\/\\\/bstgroupab.com\\\/wp-content\\\/uploads\\\/2023\\\/11\\\/BST-group.svg\",\"caption\":\"BST Group\"},\"image\":{\"@id\":\"https:\\\/\\\/bstgroupab.com\\\/sv\\\/#\\\/schema\\\/logo\\\/image\\\/\"}},{\"@type\":\"Person\",\"@id\":\"https:\\\/\\\/bstgroupab.com\\\/sv\\\/#\\\/schema\\\/person\\\/c9c4df28b8c2ee1326851d5d0b1a0695\",\"name\":\"Oskar Edin\",\"image\":{\"@type\":\"ImageObject\",\"inLanguage\":\"sv-SE\",\"@id\":\"https:\\\/\\\/secure.gravatar.com\\\/avatar\\\/34c09ca0a3f79d2c2114b5d589c2582478d88c398d2ea776cb3b1c0e86904110?s=96&d=mm&r=g\",\"url\":\"https:\\\/\\\/secure.gravatar.com\\\/avatar\\\/34c09ca0a3f79d2c2114b5d589c2582478d88c398d2ea776cb3b1c0e86904110?s=96&d=mm&r=g\",\"contentUrl\":\"https:\\\/\\\/secure.gravatar.com\\\/avatar\\\/34c09ca0a3f79d2c2114b5d589c2582478d88c398d2ea776cb3b1c0e86904110?s=96&d=mm&r=g\",\"caption\":\"Oskar Edin\"}}]}<\/script>\n<!-- \/ Yoast SEO plugin. -->","yoast_head_json":{"title":"BST Group v\u00e4xer i s\u00f6dra Sverige \u2013 breddar sitt erbjudande genom f\u00f6rv\u00e4rv av Presom S\u00e4kerhet AB - BST Group","robots":{"index":"index","follow":"follow","max-snippet":"max-snippet:-1","max-image-preview":"max-image-preview:large","max-video-preview":"max-video-preview:-1"},"canonical":"https:\/\/bstgroupab.com\/sv\/bst-group-vaxer-i-sodra-sverige-breddar-sitt-erbjudande-genom-forvarv-av-presom-sakerhet-ab\/","og_locale":"sv_SE","og_type":"article","og_title":"BST Group v\u00e4xer i s\u00f6dra Sverige \u2013 breddar sitt erbjudande genom f\u00f6rv\u00e4rv av Presom S\u00e4kerhet AB - BST Group","og_description":"F\u00f6rv\u00e4rvet st\u00e4rker BST Groups n\u00e4rvaro i s\u00f6dra Sverige och \u00f6kar f\u00f6rm\u00e5gan att erbjuda ett mer samlat utbud av larm- och s\u00e4kerhetsl\u00f6sningar till kunder i regionen.","og_url":"https:\/\/bstgroupab.com\/sv\/bst-group-vaxer-i-sodra-sverige-breddar-sitt-erbjudande-genom-forvarv-av-presom-sakerhet-ab\/","og_site_name":"BST Group","article_published_time":"2025-03-24T08:36:44+00:00","article_modified_time":"2025-03-24T09:14:05+00:00","og_image":[{"width":2560,"height":1707,"url":"https:\/\/bstgroupab.com\/wp-content\/uploads\/2025\/03\/grupp-scaled.jpg","type":"image\/jpeg"}],"author":"Oskar Edin","twitter_card":"summary_large_image","twitter_misc":{"Skriven av":"Oskar Edin","Ber\u00e4knad l\u00e4stid":"2 minuter"},"schema":{"@context":"https:\/\/schema.org","@graph":[{"@type":"Article","@id":"https:\/\/bstgroupab.com\/sv\/bst-group-vaxer-i-sodra-sverige-breddar-sitt-erbjudande-genom-forvarv-av-presom-sakerhet-ab\/#article","isPartOf":{"@id":"https:\/\/bstgroupab.com\/sv\/bst-group-vaxer-i-sodra-sverige-breddar-sitt-erbjudande-genom-forvarv-av-presom-sakerhet-ab\/"},"author":{"name":"Oskar Edin","@id":"https:\/\/bstgroupab.com\/sv\/#\/schema\/person\/c9c4df28b8c2ee1326851d5d0b1a0695"},"headline":"BST Group v\u00e4xer i s\u00f6dra Sverige \u2013 breddar sitt erbjudande genom f\u00f6rv\u00e4rv av Presom S\u00e4kerhet AB","datePublished":"2025-03-24T08:36:44+00:00","dateModified":"2025-03-24T09:14:05+00:00","mainEntityOfPage":{"@id":"https:\/\/bstgroupab.com\/sv\/bst-group-vaxer-i-sodra-sverige-breddar-sitt-erbjudande-genom-forvarv-av-presom-sakerhet-ab\/"},"wordCount":448,"publisher":{"@id":"https:\/\/bstgroupab.com\/sv\/#organization"},"image":{"@id":"https:\/\/bstgroupab.com\/sv\/bst-group-vaxer-i-sodra-sverige-breddar-sitt-erbjudande-genom-forvarv-av-presom-sakerhet-ab\/#primaryimage"},"thumbnailUrl":"https:\/\/bstgroupab.com\/wp-content\/uploads\/2025\/03\/grupp-scaled.jpg","articleSection":["F\u00f6rv\u00e4rv","Okategoriserad"],"inLanguage":"sv-SE"},{"@type":"WebPage","@id":"https:\/\/bstgroupab.com\/sv\/bst-group-vaxer-i-sodra-sverige-breddar-sitt-erbjudande-genom-forvarv-av-presom-sakerhet-ab\/","url":"https:\/\/bstgroupab.com\/sv\/bst-group-vaxer-i-sodra-sverige-breddar-sitt-erbjudande-genom-forvarv-av-presom-sakerhet-ab\/","name":"BST Group v\u00e4xer i s\u00f6dra Sverige \u2013 breddar sitt erbjudande genom f\u00f6rv\u00e4rv av Presom S\u00e4kerhet AB - BST Group","isPartOf":{"@id":"https:\/\/bstgroupab.com\/sv\/#website"},"primaryImageOfPage":{"@id":"https:\/\/bstgroupab.com\/sv\/bst-group-vaxer-i-sodra-sverige-breddar-sitt-erbjudande-genom-forvarv-av-presom-sakerhet-ab\/#primaryimage"},"image":{"@id":"https:\/\/bstgroupab.com\/sv\/bst-group-vaxer-i-sodra-sverige-breddar-sitt-erbjudande-genom-forvarv-av-presom-sakerhet-ab\/#primaryimage"},"thumbnailUrl":"https:\/\/bstgroupab.com\/wp-content\/uploads\/2025\/03\/grupp-scaled.jpg","datePublished":"2025-03-24T08:36:44+00:00","dateModified":"2025-03-24T09:14:05+00:00","breadcrumb":{"@id":"https:\/\/bstgroupab.com\/sv\/bst-group-vaxer-i-sodra-sverige-breddar-sitt-erbjudande-genom-forvarv-av-presom-sakerhet-ab\/#breadcrumb"},"inLanguage":"sv-SE","potentialAction":[{"@type":"ReadAction","target":["https:\/\/bstgroupab.com\/sv\/bst-group-vaxer-i-sodra-sverige-breddar-sitt-erbjudande-genom-forvarv-av-presom-sakerhet-ab\/"]}]},{"@type":"ImageObject","inLanguage":"sv-SE","@id":"https:\/\/bstgroupab.com\/sv\/bst-group-vaxer-i-sodra-sverige-breddar-sitt-erbjudande-genom-forvarv-av-presom-sakerhet-ab\/#primaryimage","url":"https:\/\/bstgroupab.com\/wp-content\/uploads\/2025\/03\/grupp-scaled.jpg","contentUrl":"https:\/\/bstgroupab.com\/wp-content\/uploads\/2025\/03\/grupp-scaled.jpg","width":2560,"height":1707,"caption":"Stefan Karlsson, vd, och Jonas Karlsson, teknisk chef, Presom S\u00e4kerhet AB. Foto: Jens C Hilner."},{"@type":"BreadcrumbList","@id":"https:\/\/bstgroupab.com\/sv\/bst-group-vaxer-i-sodra-sverige-breddar-sitt-erbjudande-genom-forvarv-av-presom-sakerhet-ab\/#breadcrumb","itemListElement":[{"@type":"ListItem","position":1,"name":"Home","item":"https:\/\/bstgroupab.com\/sv\/"},{"@type":"ListItem","position":2,"name":"BST Group v\u00e4xer i s\u00f6dra Sverige \u2013 breddar sitt erbjudande genom f\u00f6rv\u00e4rv av Presom S\u00e4kerhet AB"}]},{"@type":"WebSite","@id":"https:\/\/bstgroupab.com\/sv\/#website","url":"https:\/\/bstgroupab.com\/sv\/","name":"BST Group","description":"Vi m\u00f6jligg\u00f6r morgondagens brandskydd","publisher":{"@id":"https:\/\/bstgroupab.com\/sv\/#organization"},"potentialAction":[{"@type":"SearchAction","target":{"@type":"EntryPoint","urlTemplate":"https:\/\/bstgroupab.com\/sv\/?s={search_term_string}"},"query-input":{"@type":"PropertyValueSpecification","valueRequired":true,"valueName":"search_term_string"}}],"inLanguage":"sv-SE"},{"@type":"Organization","@id":"https:\/\/bstgroupab.com\/sv\/#organization","name":"BST Group","url":"https:\/\/bstgroupab.com\/sv\/","logo":{"@type":"ImageObject","inLanguage":"sv-SE","@id":"https:\/\/bstgroupab.com\/sv\/#\/schema\/logo\/image\/","url":"https:\/\/bstgroupab.com\/wp-content\/uploads\/2023\/11\/BST-group.svg","contentUrl":"https:\/\/bstgroupab.com\/wp-content\/uploads\/2023\/11\/BST-group.svg","caption":"BST Group"},"image":{"@id":"https:\/\/bstgroupab.com\/sv\/#\/schema\/logo\/image\/"}},{"@type":"Person","@id":"https:\/\/bstgroupab.com\/sv\/#\/schema\/person\/c9c4df28b8c2ee1326851d5d0b1a0695","name":"Oskar Edin","image":{"@type":"ImageObject","inLanguage":"sv-SE","@id":"https:\/\/secure.gravatar.com\/avatar\/34c09ca0a3f79d2c2114b5d589c2582478d88c398d2ea776cb3b1c0e86904110?s=96&d=mm&r=g","url":"https:\/\/secure.gravatar.com\/avatar\/34c09ca0a3f79d2c2114b5d589c2582478d88c398d2ea776cb3b1c0e86904110?s=96&d=mm&r=g","contentUrl":"https:\/\/secure.gravatar.com\/avatar\/34c09ca0a3f79d2c2114b5d589c2582478d88c398d2ea776cb3b1c0e86904110?s=96&d=mm&r=g","caption":"Oskar Edin"}}]}},"_links":{"self":[{"href":"https:\/\/bstgroupab.com\/sv\/wp-json\/wp\/v2\/posts\/9881","targetHints":{"allow":["GET"]}}],"collection":[{"href":"https:\/\/bstgroupab.com\/sv\/wp-json\/wp\/v2\/posts"}],"about":[{"href":"https:\/\/bstgroupab.com\/sv\/wp-json\/wp\/v2\/types\/post"}],"author":[{"embeddable":true,"href":"https:\/\/bstgroupab.com\/sv\/wp-json\/wp\/v2\/users\/4"}],"replies":[{"embeddable":true,"href":"https:\/\/bstgroupab.com\/sv\/wp-json\/wp\/v2\/comments?post=9881"}],"version-history":[{"count":4,"href":"https:\/\/bstgroupab.com\/sv\/wp-json\/wp\/v2\/posts\/9881\/revisions"}],"predecessor-version":[{"id":9902,"href":"https:\/\/bstgroupab.com\/sv\/wp-json\/wp\/v2\/posts\/9881\/revisions\/9902"}],"wp:featuredmedia":[{"embeddable":true,"href":"https:\/\/bstgroupab.com\/sv\/wp-json\/wp\/v2\/media\/9883"}],"wp:attachment":[{"href":"https:\/\/bstgroupab.com\/sv\/wp-json\/wp\/v2\/media?parent=9881"}],"wp:term":[{"taxonomy":"category","embeddable":true,"href":"https:\/\/bstgroupab.com\/sv\/wp-json\/wp\/v2\/categories?post=9881"},{"taxonomy":"post_tag","embeddable":true,"href":"https:\/\/bstgroupab.com\/sv\/wp-json\/wp\/v2\/tags?post=9881"}],"curies":[{"name":"wp","href":"https:\/\/api.w.org\/{rel}","templated":true}]}}